{"id":440,"date":"2025-04-18T13:39:40","date_gmt":"2025-04-18T13:39:40","guid":{"rendered":"https:\/\/revoltons-nous.org\/?p=440"},"modified":"2025-04-18T16:38:49","modified_gmt":"2025-04-18T16:38:49","slug":"la-situation-generale-au-bresil","status":"publish","type":"post","link":"https:\/\/comitenouveaubresil.org\/index.php\/2025\/04\/18\/la-situation-generale-au-bresil\/","title":{"rendered":"La situation g\u00e9n\u00e9rale au Br\u00e9sil"},"content":{"rendered":"\n<p><em>Nous publions cet article afin de servir de support de formation de base pour toute personne d\u00e9sireuse de conna\u00eetre un peu mieux la situation du Br\u00e9sil en g\u00e9n\u00e9ral, ainsi que du mouvement r\u00e9volutionnaire paysan sur place.<\/em><\/p>\n\n\n\n<p>Le Br\u00e9sil est un immense pays d\u2019Am\u00e9rique du Sud, dont la superficie \u00e9quivaut \u00e0 environ 15,5 fois celle de la France. C\u2019est un pays opprim\u00e9, semi-colonial (car les puissances imp\u00e9rialistes en exploitent les ressources et les Hommes) et semi-f\u00e9odal (car des relations de f\u00e9odalit\u00e9 subsistent \u00e0 la campagne entre des paysans-serfs et des propri\u00e9taires terriens, maintenues par le r\u00e9gime de capitalisme bureaucratique local).<\/p>\n\n\n\n<figure class=\"wp-block-image size-full\"><img loading=\"lazy\" decoding=\"async\" width=\"940\" height=\"788\" src=\"https:\/\/comitenouveaubresil.org\/wp-content\/uploads\/2025\/04\/image.png\" alt=\"\" class=\"wp-image-441\" srcset=\"https:\/\/comitenouveaubresil.org\/wp-content\/uploads\/2025\/04\/image.png 940w, https:\/\/comitenouveaubresil.org\/wp-content\/uploads\/2025\/04\/image-300x251.png 300w, https:\/\/comitenouveaubresil.org\/wp-content\/uploads\/2025\/04\/image-768x644.png 768w\" sizes=\"auto, (max-width: 940px) 100vw, 940px\" \/><\/figure>\n\n\n\n<h2 class=\"wp-block-heading\"><strong>La question de la Terre<\/strong><\/h2>\n\n\n\n<p>Au Br\u00e9sil, la question principale pour les r\u00e9volutionnaires est donc la question de la terre. Cela signifie que la contradiction principale du pays se trouve entre la masse de paysans pauvres et moyens, et les grands propri\u00e9taires terriens qui sont la base du capitalisme bureaucratique. Les terres ne sont absolument pas r\u00e9parties et une majorit\u00e9 \u00e9crasante appartient \u00e0 de grands domaines latifundiaires (propri\u00e9taires terriens). En 2008, 60 % des surfaces rurales appartenaient \u00e0 moins de 3 % des propri\u00e9taires, ce qui fait du&nbsp;Br\u00e9sil le deuxi\u00e8me pays o\u00f9 la concentration fonci\u00e8re est la plus forte.&nbsp;A cause de cette concentration fonci\u00e8re on comptait&nbsp;environ 5 millions de familles sans terre,&nbsp;soit plus de 25 millions de personnes, ce qui alimente la pauvret\u00e9.&nbsp;Depuis, les in\u00e9galit\u00e9s se sont affermies et rien n\u2019a fondamentalement chang\u00e9.<\/p>\n\n\n\n<figure class=\"wp-block-image\"><img decoding=\"async\" src=\"https:\/\/comitenouveaubresil.wordpress.com\/wp-content\/uploads\/2023\/02\/bresil.gif?w=329\" alt=\"\" class=\"wp-image-843\"\/><\/figure>\n\n\n\n<p>Il est donc primordial de comprendre que le Br\u00e9sil reste coinc\u00e9 \u00e0 un certain de niveau de f\u00e9odalisme, car la r\u00e9forme agraire (c\u2019est-\u00e0-dire la d\u00e9mocratisation de l\u2019acc\u00e8s \u00e0 la terre) telle qu\u2019elle a \u00e9t\u00e9 faite en France par exemple avec la r\u00e9volution bourgeoise de 1789, jusqu\u2019\u00e0 un certain point, n\u2019a jamais pu avoir lieu, du fait de la chappe de plomb de l\u2019imp\u00e9rialisme. Rappelons par ailleurs que l\u2019imp\u00e9rialisme fran\u00e7ais est un des principaux oppresseurs du peuple br\u00e9silien, \u00e9tant le 4<sup>e<\/sup>\/5<sup>e<\/sup> investisseur sur place. Cette question agraire est un des fondements de la r\u00e9volution de Nouvelle D\u00e9mocratie qu\u2019il faut d\u00e9velopper dans les pays opprim\u00e9s pour jeter les bases de la R\u00e9volution Socialiste. La r\u00e9volution compte donc deux \u00e9tapes sans interruptions au Br\u00e9sil, la premi\u00e8re \u00e9tant de r\u00e9aliser la t\u00e2che de la r\u00e9volution d\u00e9mocratique que la bourgeoisie bureaucratique ne peut pas mener, car elle n\u2019en b\u00e9n\u00e9ficie pas. C\u2019est donc le prol\u00e9tariat qui dirige celle-ci, li\u00e9 \u00e0 la plus grande force du pays, la paysannerie, ainsi qu\u2019\u00e0 la petite-bourgeoisie et \u00e0 la bourgeoisie nationale.<\/p>\n\n\n\n<h2 class=\"wp-block-heading\"><strong>Le r\u00e9gime en place<\/strong><\/h2>\n\n\n\n<figure class=\"wp-block-image\"><img decoding=\"async\" src=\"https:\/\/comitenouveaubresil.wordpress.com\/wp-content\/uploads\/2023\/02\/capture-decran-2023-02-21-a-17.20.21.jpg?w=616\" alt=\"\" class=\"wp-image-844\"\/><figcaption class=\"wp-element-caption\">L\u2019opportuniste Lula du PT, devenu pr\u00e9sident fin 2022<\/figcaption><\/figure>\n\n\n\n<p>Le r\u00e9gime contemporain en place prend la forme d\u2019une r\u00e9publique f\u00e9d\u00e9rale \u00ab&nbsp;d\u00e9mocratique&nbsp;\u00bb, avec des \u00e9lections pr\u00e9sidentielles, f\u00e9d\u00e9rales, etc. Depuis la fin de la dictature militaire, la mascarade \u00e9lectorale s\u2019est enfonc\u00e9e toujours plus dans ses contradictions&nbsp;: \u00e0 chaque \u00e9lection, les politiciens du vieil Etat se montrent de plus en plus impuissants face aux grands probl\u00e8mes de la soci\u00e9t\u00e9 br\u00e9silienne, notamment la question de la terre. En effet, tous les pr\u00e9sidents successifs n\u2019ont su r\u00e9gler ce probl\u00e8me, m\u00eame l\u2019opportuniste Lula du Parti des Travailleurs (PT) et sa soi-disant \u00ab&nbsp;r\u00e9forme agraire&nbsp;\u00bb. La situation dans le pays s\u2019est m\u00eame aggrav\u00e9e ann\u00e9e apr\u00e8s ann\u00e9e, ce qui a permis le d\u00e9veloppement d\u2019un processus de r\u00e9actionnarisation de la soci\u00e9t\u00e9 et de l\u2019Etat principalement, avec une r\u00e9pression exacerb\u00e9e, des lois toujours plus anti-peuple, et surtout la mont\u00e9e sur le devant de la sc\u00e8ne de l\u2019arm\u00e9e, \u00e0 travers le Haut Commandement des Forces Arm\u00e9es (HCFA). L\u2019objectif est, pour les militaires, de pr\u00e9parer un coup d\u2019Etat pr\u00e9ventif contre-r\u00e9volutionnaire face au raz-de-mar\u00e9e r\u00e9volutionnaire des masses.<\/p>\n\n\n\n<p>C\u2019est dans le contexte que nous avons d\u00e9crit jusqu\u2019ici que le mouvement r\u00e9volutionnaire contemporain s\u2019est d\u00e9velopp\u00e9 dans tout le Br\u00e9sil. Le point de d\u00e9part est \u00e0 trouver en 1995, \u00e0 la Bataille de Santa Elina.<\/p>\n\n\n\n<h2 class=\"wp-block-heading\"><strong>La Bataille de Santa Elina<\/strong><\/h2>\n\n\n\n<figure class=\"wp-block-image\"><img decoding=\"async\" src=\"https:\/\/comitenouveaubresil.wordpress.com\/wp-content\/uploads\/2023\/02\/massacre-de-corumbiara.jpg.webp?w=933\" alt=\"\" class=\"wp-image-846\"\/><\/figure>\n\n\n\n<p>Nous sommes au d\u00e9but des ann\u00e9es 1990, au fin fond de l\u2019\u00c9tat de Rond\u00f4nia, \u00e0 l\u2019extr\u00eame ouest du Br\u00e9sil. C\u2019est un \u00c9tat extr\u00eamement peu d\u00e9velopp\u00e9 et o\u00f9 la pauvret\u00e9 est criante. Des paysans pauvres et sans terre commencent \u00e0 s\u2019organiser pour r\u00e9cup\u00e9rer des terres dans la communaut\u00e9 de Corumbiara, et obtiennent des victoires dans le sang. Alors que leur niveau d\u2019organisation et de combativit\u00e9 ne fait qu\u2019augmenter, les paysans prennent la d\u00e9cision de r\u00e9cup\u00e9rer l\u2019un des plus grands domaines fonciers de la r\u00e9gion, la ferme \u00ab&nbsp;Santa Elina&nbsp;\u00bb&nbsp;:&nbsp;des familles venant de diverses parties de l\u2019\u00c9tat, et m\u00eame d\u2019autres r\u00e9gions du pays ont alors commenc\u00e9 \u00e0 entrer dans la ferme, qui compte 18 000 hectares. La nouvelle s\u2019est rapidement r\u00e9pandue. Chaque jour, des dizaines de familles arrivaient, atteignant le nombre de 600. Rapidement, les paysans en lutte ont gagn\u00e9 le soutien des paysans moyens et des petits commer\u00e7ants, qui voyaient l\u2019importance d\u2019avoir plus de terres entre les mains des paysans pour le d\u00e9veloppement de la r\u00e9gion.<\/p>\n\n\n\n<p>De l\u2019autre c\u00f4t\u00e9, le soi-disant \u00ab&nbsp;Mouvement des Sans-Terre&nbsp;\u00bb (MST) de Rond\u00f4nia avait jusqu\u2019ici capitul\u00e9 face aux menaces des propri\u00e9taires terriens, et non seulement dans ce contexte il n\u2019a aucunement aid\u00e9 les paysans en lutte pour la terre, mais il a d\u00e9nonc\u00e9 au gouvernement de l\u2019\u00c9tat les noms de ceux qui dirigeaient la mobilisation. Cela n\u2019a pas emp\u00each\u00e9 les paysans de redoubler d\u2019h\u00e9ro\u00efsme et de repousser, par plusieurs fois, les attaques arm\u00e9es du vieil \u00c9tat, qui est devenu extr\u00eamement inquiet de cette r\u00e9sistance farouche. Finalement, le gouverneur de l\u2019\u00c9tat Valdir Raupp \u2013 avec lequel le Parti des travailleurs (PT) de Lula s\u2019est alli\u00e9 depuis 1994 -, a ordonn\u00e9 \u00e0 la Police militaire de Rond\u00f4nia une action g\u00e9nocidaire contre les paysans. Ceux-ci ont r\u00e9sist\u00e9 jusqu\u2019au bout, ne voulant pas quitter la terre qu\u2019ils avaient acquis par une dure lutte. <strong>Le bilan officiel a fait \u00e9tat de 16 morts, 7 disparus, et plus de 200 personnes ont gard\u00e9 de graves s\u00e9quelles.<\/strong><\/p>\n\n\n\n<figure class=\"wp-block-image\"><img decoding=\"async\" src=\"https:\/\/comitenouveaubresil.wordpress.com\/wp-content\/uploads\/2023\/02\/dscn0653.jpg?w=1024\" alt=\"\" class=\"wp-image-848\"\/><\/figure>\n\n\n\n<p>Mais le moral n\u2019\u00e9tait pas retomb\u00e9, le peuple avait lutt\u00e9 autant qu\u2019il avait pu. Un serment a \u00e9t\u00e9 pr\u00eat\u00e9 par les r\u00e9sistants de la bataille de Santa Elina, qui ont fond\u00e9 clandestinement le Movimento Campon\u00eas Corumbiara (MCC), \u00e0 Jaru, le 25 f\u00e9vrier 1996. Ce serment a \u00e9t\u00e9 pr\u00eat\u00e9 par les continuateurs de la lutte de Santa Elina et les fondateurs de Ligue des Paysans Pauvres (LCP), et est utilis\u00e9 encore aujourd\u2019hui&nbsp;:<\/p>\n\n\n\n<p><strong><em>\u00ab&nbsp;Nous jurons par le sang vers\u00e9 de nos camarades de la ferme de Santa Elina, de porter la lutte pour la terre, la d\u00e9mocratie, la justice et le travail jusqu\u2019\u00e0 la victoire finale, \u00e0 n\u2019importe quel prix.&nbsp;\u00bb<\/em><\/strong><\/p>\n\n\n\n<p>La LCP a donc \u00e9t\u00e9 form\u00e9e quelques ann\u00e9es plus tard, dans la lign\u00e9e du MCC, par la gauche de celui-ci qui voulait continuer le chemin de Santa Elina. La droite du MCC a sombr\u00e9 dans le banditisme et a fini par collaborer avec la r\u00e9action. La cr\u00e9ation de la LCP, lors de la 3<sup>e<\/sup> r\u00e9union du MCC, d\u00e9but 1999, s\u2019est tenue sur deux principales orientations&nbsp;: la lutte combative contre le pouvoir bourgeois et les propri\u00e9taires terriens, la lutte contre la voie de la conciliation (MST, PT, etc.). Trois mots d\u2019ordre sont la base de l\u2019organisation, jusqu\u2019\u00e0 aujourd\u2019hui&nbsp;: \u00ab <em>servir le peuple<\/em> \u00bb, \u00ab <em>compter sur nos propres forces<\/em> \u00bb et \u00ab <em>se battre pour un monde juste<\/em> \u00bb. Tr\u00e8s rapidement apr\u00e8s la fondation, de nouvelles terres ont \u00e9t\u00e9 prises et le mouvement s\u2019est d\u00e9velopp\u00e9 sans attendre.<\/p>\n\n\n\n<p>Le d\u00e9veloppement de la LCP s\u2019est fait sur le mod\u00e8le de \u00ab&nbsp;camps&nbsp;\u00bb, comme \u00e0 Santa Elina&nbsp;: les paysans occupent une terre appartenant \u00e0 des propri\u00e9taires terriens et organisent la vie sur celle-ci&nbsp;: d\u00e9coupage de parcelles en fonction des besoins des familles, travail collectif, \u00e9coles populaires, centre de sant\u00e9, etc. Bien s\u00fbr la r\u00e9pression n\u2019a jamais cess\u00e9, et s\u2019est intensifi\u00e9e toujours plus, en corr\u00e9lation avec le d\u00e9veloppement du mouvement paysan. Les monopoles de la presse bourgeoise au service des propri\u00e9taires terriens accusent quotidiennement la LCP d\u2019\u00eatre des \u00ab&nbsp;bandits&nbsp;\u00bb ou un \u00ab&nbsp;gang&nbsp;\u00bb, montrant leur vrai visage de dispositif de propagande anti-peuple.<\/p>\n\n\n\n<p>Dans les camps occup\u00e9s, des instances d\u00e9mocratiques existent. Tout d\u2019abord, chaque semaine en g\u00e9n\u00e9ral, une Assembl\u00e9e Populaire est organis\u00e9e&nbsp;:<\/p>\n\n\n\n<p><em>\u00ab&nbsp;Les Assembl\u00e9es sont la forme supr\u00eame de d\u00e9cision et de gouvernement, auxquelles participent tous les membres des familles paysannes. Dans les zones o\u00f9 elles sont d\u00e9j\u00e0 install\u00e9es, les familles sont convoqu\u00e9es \u00e0 l\u2019avance. \u00c0 l\u2019appel \u00ab Assembl\u00e9e, Assembl\u00e9e ! \u00bb, les paysans s\u2019approchent du lieu de r\u00e9union. Les coordinateurs lancent des mots d\u2019ordre et les chansons Conqu\u00e9rir la Terre, Le Risque, Bella Ciao. L\u2019ordre du jour de l\u2019Assembl\u00e9e est pr\u00e9sent\u00e9 et si quelqu\u2019un souhaite discuter d\u2019un sujet impr\u00e9vu, il demande son inclusion.<\/em><\/p>\n\n\n\n<p><em><br>Lors de ces r\u00e9unions, on d\u00e9bat sur toute la vie collective de la r\u00e9gion ou du camp. Les paysans traitent des probl\u00e8mes li\u00e9s \u00e0 la production, au fonctionnement des \u00e9coles, aux probl\u00e8mes de sant\u00e9, \u00e0 l\u2019\u00e9volution des n\u00e9gociations avec les organes de l\u2019\u00c9tat, aux processus, \u00e0 l\u2019organisation de manifestations, \u00e0 l\u2019autod\u00e9fense, etc. Les sujets sont pr\u00e9sent\u00e9s par le responsable de chaque t\u00e2che, puis tout le monde peut donner son avis, faire des suggestions, pr\u00e9senter des propositions. Apr\u00e8s la discussion, tout est soumis au vote et la d\u00e9cision de la majorit\u00e9 prend effet.<\/em><\/p>\n\n\n\n<p><em><br>L\u2019Assembl\u00e9e d\u00e9lib\u00e8re \u00e9galement sur les probl\u00e8mes de conduite \u00e0 l\u2019int\u00e9rieur et \u00e0 l\u2019ext\u00e9rieur du camp : alcoolisme, prostitution, d\u00e9saccords entre camarades, etc. C\u2019est dans les assembl\u00e9es que les paysans reconnaissent la validit\u00e9 des mariages. Il s\u2019agit donc de l\u2019organe maximal dans lequel les d\u00e9cisions sont prises collectivement.&nbsp;\u00bb<\/em><\/p>\n\n\n\n<p><\/p>\n\n\n\n<p><em>Les AP appliquent donc le centralisme d\u00e9mocratique et sont la v\u00e9ritable expression de la d\u00e9mocratie. Pour faire en sorte que les d\u00e9cisions prises par la majorit\u00e9 soient bel et bien appliqu\u00e9es, et plus largement pour faire respecter les r\u00e8gles de la LCP et des camps, les AP \u00e9lisent un Comit\u00e9 de D\u00e9fense de la R\u00e9volution Agraire. Celui-ci est compos\u00e9 de quelques personnes qui sont charg\u00e9 de faire respecter les d\u00e9cisions et les r\u00e8gles, c\u2019est l\u2019instance dirigeante entre les AP. (Source&nbsp;: A Nova Democracia)<\/em><\/p>\n\n\n\n<p>R\u00e9cemment, le mouvement paysan dirig\u00e9 par la LCP s\u2019est d\u00e9velopp\u00e9 toujours plus, attisant \u00e0 nouveau l\u2019inqui\u00e9tude et la col\u00e8re du vieil Etat et de ses appendices. Depuis fin 2020, les paysans de la LCP sont harcel\u00e9s et sont la cible d\u2019op\u00e9rations de la PM et de l\u2019Arm\u00e9e extr\u00eamement violentes. De nombreux camarades et activistes ont \u00e9t\u00e9 tu\u00e9s dans des op\u00e9rations planifi\u00e9es. La guerre contre le peuple bat son plein tandis que le mouvement paysan la repousse d\u2019un bras toujours plus puissant \u00e0 chaque fois.<\/p>\n\n\n\n<figure class=\"wp-block-image\"><img decoding=\"async\" src=\"https:\/\/comitenouveaubresil.wordpress.com\/wp-content\/uploads\/2023\/02\/tiago_santos_5_auto_x2.jpg?w=1024\" alt=\"\" class=\"wp-image-850\"\/><\/figure>\n\n\n\n<hr class=\"wp-block-separator has-alpha-channel-opacity\"\/>\n\n\n\n<p><strong><em>Pour se renseigner sur la r\u00e9volution au Br\u00e9sil&nbsp;:<\/em><\/strong><\/p>\n\n\n\n<p><strong>En<\/strong> <strong>fran\u00e7ais<\/strong>&nbsp;:<\/p>\n\n\n\n<p>\u2013 <em>Comit\u00e9 Nouveau Br\u00e9sil&nbsp;:<\/em> <a href=\"https:\/\/comitenouveaubresil.wordpress.com\"><em>https:\/\/comitenouveaubresil.wordpress.com<\/em><\/a><\/p>\n\n\n\n<p><strong>En portugais&nbsp;:<\/strong><\/p>\n\n\n\n<p>\u2013 <em>A Nova Democracia (journal d\u00e9mocratique et populaire)&nbsp;:<\/em> <a href=\"https:\/\/anovademocracia.com.br\">https:\/\/anovademocracia.com.br<\/a><\/p>\n\n\n\n<p>\u2013 <em>Resist\u00eancia Camponesa (journal de la LCP) :<\/em> <a href=\"https:\/\/resistenciacamponesa.com\">https:\/\/resistenciacamponesa.com<\/a><\/p>\n\n\n\n<p>\u2013 <em>Movimento Estudantil Popular Revolucionario (Mouvement Etudiant Populaire R\u00e9volutionnaire)<\/em> : <a href=\"https:\/\/meprbrasil.com\/\">https:\/\/meprbrasil.com\/<\/a> \/ <a href=\"https:\/\/meprbrasil.wordpress.com\/\">https:\/\/meprbrasil.wordpress.com\/<\/a><\/p>\n\n\n\n<p>\u2013 <em>Movimento Feminino Popular (Mouvement F\u00e9minin Populaire)<\/em>&nbsp;: <a href=\"https:\/\/brasilmfp.blogspot.com\/\">https:\/\/brasilmfp.blogspot.com\/<\/a><\/p>\n\n\n\n<p>\u2013 <em>Liga Oper\u00e0ria (Ligue Ouvri\u00e8re)<\/em>&nbsp;: <a href=\"https:\/\/ligaoperaria.org.br\/\">https:\/\/ligaoperaria.org.br\/<\/a> <em>Syndicat des travailleurs du b\u00e2timent de Belo Horizonte (MARRETA)&nbsp;<\/em>: <a href=\"https:\/\/sticbh.org.br\/\">https:\/\/sticbh.org.br\/<\/a><\/p>\n\n\n\n<p>\u2013 <em>ExNEPE (Organisation nationale des \u00e9tudiants en p\u00e9dagogie)<\/em> : <a href=\"https:\/\/exnepe.org\/\">https:\/\/exnepe.org\/<\/a><\/p>\n\n\n\n<p><\/p>\n","protected":false},"excerpt":{"rendered":"<p>Nous publions cet article afin de servir de support de formation de base pour toute personne d\u00e9sireuse de conna\u00eetre un peu mieux la situation du Br\u00e9sil en g\u00e9n\u00e9ral, ainsi que&hellip; <\/p>\n","protected":false},"author":1,"featured_media":493,"comment_status":"closed","ping_status":"closed","sticky":false,"template":"","format":"standard","meta":{"_themeisle_gutenberg_block_has_review":false,"footnotes":""},"categories":[5],"tags":[],"class_list":["post-440","post","type-post","status-publish","format-standard","has-post-thumbnail","hentry","category-analyse"],"_links":{"self":[{"href":"https:\/\/comitenouveaubresil.org\/index.php\/wp-json\/wp\/v2\/posts\/440","targetHints":{"allow":["GET"]}}],"collection":[{"href":"https:\/\/comitenouveaubresil.org\/index.php\/wp-json\/wp\/v2\/posts"}],"about":[{"href":"https:\/\/comitenouveaubresil.org\/index.php\/wp-json\/wp\/v2\/types\/post"}],"author":[{"embeddable":true,"href":"https:\/\/comitenouveaubresil.org\/index.php\/wp-json\/wp\/v2\/users\/1"}],"replies":[{"embeddable":true,"href":"https:\/\/comitenouveaubresil.org\/index.php\/wp-json\/wp\/v2\/comments?post=440"}],"version-history":[{"count":1,"href":"https:\/\/comitenouveaubresil.org\/index.php\/wp-json\/wp\/v2\/posts\/440\/revisions"}],"predecessor-version":[{"id":442,"href":"https:\/\/comitenouveaubresil.org\/index.php\/wp-json\/wp\/v2\/posts\/440\/revisions\/442"}],"wp:featuredmedia":[{"embeddable":true,"href":"https:\/\/comitenouveaubresil.org\/index.php\/wp-json\/wp\/v2\/media\/493"}],"wp:attachment":[{"href":"https:\/\/comitenouveaubresil.org\/index.php\/wp-json\/wp\/v2\/media?parent=440"}],"wp:term":[{"taxonomy":"category","embeddable":true,"href":"https:\/\/comitenouveaubresil.org\/index.php\/wp-json\/wp\/v2\/categories?post=440"},{"taxonomy":"post_tag","embeddable":true,"href":"https:\/\/comitenouveaubresil.org\/index.php\/wp-json\/wp\/v2\/tags?post=440"}],"curies":[{"name":"wp","href":"https:\/\/api.w.org\/{rel}","templated":true}]}}