{"id":446,"date":"2025-04-18T13:49:43","date_gmt":"2025-04-18T13:49:43","guid":{"rendered":"https:\/\/revoltons-nous.org\/?p=446"},"modified":"2025-04-18T13:49:48","modified_gmt":"2025-04-18T13:49:48","slug":"and-larmee-developpe-des-projets-pour-combattre-l-ennemi-interieur","status":"publish","type":"post","link":"https:\/\/comitenouveaubresil.org\/index.php\/2025\/04\/18\/and-larmee-developpe-des-projets-pour-combattre-l-ennemi-interieur\/","title":{"rendered":"AND : L\u2019arm\u00e9e d\u00e9veloppe des projets pour combattre l&rsquo;\u00a0\u00bbennemi int\u00e9rieur\u00a0\u00bb"},"content":{"rendered":"\n<p><em><strong>Nous publions une traduction non officielle d\u2019un article de A Nova Democracia (<a href=\"https:\/\/anovademocracia.com.br\/exercito-desenvolve-projetos-para-combate-ao-inimigo-interno\/\">https:\/\/anovademocracia.com.br\/exercito-desenvolve-projetos-para-combate-ao-inimigo-interno\/<\/a>), aussi traduit en anglais par le journal international en ligne Red Herald&nbsp;(<a href=\"https:\/\/redherald.org\/2023\/08\/21\/and-army-develops-projects-to-combat-the-internal-enemy\/\">https:\/\/redherald.org\/2023\/08\/21\/and-army-develops-projects-to-combat-the-internal-enem<\/a><\/strong><a href=\"https:\/\/redherald.org\/2023\/08\/21\/and-army-develops-projects-to-combat-the-internal-enemy\/\">y\/<\/a>).<\/em><\/p>\n\n\n\n<p>Au cours des derni\u00e8res semaines, l\u2019arm\u00e9e r\u00e9actionnaire br\u00e9silienne a allou\u00e9, selon les nouvelles, de grandes sommes d\u2019argent pour d\u00e9velopper des \u00ab&nbsp;projets strat\u00e9giques&nbsp;\u00bb : ce seront au moins 1,5 milliards de R$ qui seront donn\u00e9s en 2024 par le PLOA [note de traduction&nbsp;: Projeto de Lei Or\u00e7ament\u00e1ria Anual \u2013 Projet annuel de loi de finances] pour remplir cet objectif. Parmi les projets strat\u00e9giques annonc\u00e9s jusqu\u2019\u00e0 pr\u00e9sent par le Commandement des forces terrestres, le d\u00e9veloppement de drones et de nouveaux h\u00e9licopt\u00e8res se distingue, avec une pr\u00e9vision d\u2019utilisation centr\u00e9e sur la r\u00e9gion de l\u2019Amazonie.<\/p>\n\n\n\n<p>En plus du milliard et demi, 52,8 milliards de R$ du Novo PAC [note du traducteur : Novo Programa de Acelera\u00e7\u00e3o do Crescimento \u2013 Nouveau programme d\u2019acc\u00e9l\u00e9ration de la croissance] sont destin\u00e9s \u00e0 l\u2019ensemble des forces arm\u00e9es, et dont l\u2019arm\u00e9e de terre recevra 12,4 milliards de R$.<\/p>\n\n\n\n<p>Dans une r\u00e9cente interview accord\u00e9e au monopole de la presse de l\u2019\u00c9tat de S\u00e3o Paulo, le chef d\u2019Etat-major de la corporation, le g\u00e9n\u00e9ral Fernando Jos\u00e9 Soares, a d\u00e9clar\u00e9 : \u00ab&nbsp;<em>Dans le cas de l\u2019arm\u00e9e, l\u2019aviation concerne les h\u00e9licopt\u00e8res, afin d\u2019accro\u00eetre notre capacit\u00e9 de transport de troupes, en particulier dans la r\u00e9gion de l\u2019Amazonie. Ce paquet comprend \u00e9galement un nouvel \u00e9quipement, les drones<\/em>\u00ab&nbsp;.<\/p>\n\n\n\n<p>En raison de l\u2019histoire de la force r\u00e9actionnaire et de la r\u00e9gion de l\u2019Amazonie, la d\u00e9claration est intrigante. Il est bien connu que l\u2019int\u00e9r\u00eat principal de l\u2019arm\u00e9e r\u00e9actionnaire br\u00e9silienne n\u2019est pas la d\u00e9fense de la r\u00e9gion contre les pays \u00e9trangers et les puissances ext\u00e9rieures. De 2017 \u00e0 aujourd\u2019hui, au moins trois exercices conjoints ont \u00e9t\u00e9 r\u00e9alis\u00e9s avec l\u2019arm\u00e9e yankee, et plus encore avec d\u2019autres arm\u00e9es \u00e9trang\u00e8res, dans la r\u00e9gion de l\u2019Amazonie.<\/p>\n\n\n\n<p>En 2017, AmazonLog a \u00e9t\u00e9 r\u00e9alis\u00e9 en \u00ab&nbsp;coop\u00e9ration&nbsp;\u00bb avec les arm\u00e9es r\u00e9actionnaires du P\u00e9rou et de la Colombie, sous la supervision de l\u2019arm\u00e9e yankee (\u00c9tats-Unis). Un autre exercice militaire a eu lieu au Rond\u00f4nia en 2020, sous la supervision de l\u2019ancien secr\u00e9taire d\u2019\u00c9tat yankee et de l\u2019ancien agent de la CIA Mike Pompeo, dans lequel une confrontation entre une arm\u00e9e d\u2019un \u00ab&nbsp;pays rouge&nbsp;\u00bb contre un \u00ab&nbsp;pays bleu&nbsp;\u00bb a \u00e9t\u00e9 simul\u00e9e. \u00ab&nbsp;Core 2023&nbsp;\u00bb devrait aussi avoir lieu, et devrait \u00eatre r\u00e9alis\u00e9 \u00e0 nouveau avec l\u2019arm\u00e9e yankee.<\/p>\n\n\n\n<p><strong>L\u2019arm\u00e9e a d\u00e9j\u00e0 utilis\u00e9 l\u2019aviation pour r\u00e9primer les paysans<\/strong><\/p>\n\n\n\n<p>L\u2019histoire de l\u2019arm\u00e9e en mati\u00e8re d\u2019\u00e9quipements a\u00e9roport\u00e9s \u00e0 des fins militaires n\u2019indique pas non plus qu\u2019elle se concentre sur la d\u00e9fense contre les menaces ext\u00e9rieures. N\u2019ayant pas encore d\u00e9velopp\u00e9 sa propre aviation, l\u2019arm\u00e9e a utilis\u00e9, dans les ann\u00e9es 1970, des h\u00e9licopt\u00e8res de l\u2019arm\u00e9e de l\u2019air br\u00e9silienne (FAB) lors d\u2019op\u00e9rations contre la gu\u00e9rilla d\u2019Araguaia, dont deux ont \u00e9t\u00e9 d\u00e9truits. Les op\u00e9rations de l\u2019arm\u00e9e comprenaient la torture de paysans et de gu\u00e9rilleros, ainsi que des ex\u00e9cutions et des vols macabres au-dessus de la r\u00e9gion o\u00f9 les corps des ex\u00e9cut\u00e9s \u00e9taient suspendus aux avions.<\/p>\n\n\n\n<p>Une vingtaine d\u2019ann\u00e9es plus tard, l\u2019arm\u00e9e r\u00e9actionnaire br\u00e9silienne a men\u00e9 la premi\u00e8re op\u00e9ration de son aviation. Cette fois, il s\u2019agissait d\u2019une op\u00e9ration conjointe avec l\u2019arm\u00e9e r\u00e9actionnaire colombienne contre les Forces arm\u00e9es r\u00e9volutionnaires de Colombie (FARC). Ce groupe, compos\u00e9 principalement de paysans arm\u00e9s, n\u2019avait pas d\u2019aspirations expansionnistes pour le Br\u00e9sil, mais menait une lutte arm\u00e9e pour la terre en Colombie. Selon l\u2019arm\u00e9e elle-m\u00eame, l\u2019op\u00e9ration des FARC ne relevait pas de l&rsquo;&nbsp;\u00bbexpansionnisme&nbsp;\u00bb, mais plut\u00f4t de repr\u00e9sailles contre la r\u00e9pression de l\u2019arm\u00e9e br\u00e9silienne \u00e0 l\u2019encontre des paysans chercheurs d\u2019or dans la r\u00e9gion de l\u2019Amazonie. La justification de l\u2019arm\u00e9e pour la r\u00e9ponse, appel\u00e9e \u00ab&nbsp;op\u00e9ration Trahison&nbsp;\u00bb, n\u2019\u00e9tait pas non plus la \u00ab&nbsp;d\u00e9fense contre une menace ext\u00e9rieure&nbsp;\u00bb, mais plut\u00f4t une op\u00e9ration de r\u00e9cup\u00e9ration d\u2019armes. Le bilan est de 12 gu\u00e9rilleros tu\u00e9s par les troupes r\u00e9actionnaires.<\/p>\n\n\n\n<p>La situation en Amazonie aujourd\u2019hui n\u2019est pas tr\u00e8s diff\u00e9rente de celle que l\u2019arm\u00e9e voulait combattre dans la r\u00e9gion de l\u2019Araguaia \u00e0 partir de 1972, ou dans le territoire de l\u2019Amazonie colombienne dans les ann\u00e9es 1990, malgr\u00e9 la diff\u00e9rence de l\u2019existence d\u2019une gu\u00e9rilla initi\u00e9e aussi bien en Araguaia en 1967-74 qu\u2019en Colombie. Il est prouv\u00e9 que la r\u00e9gion de l\u2019Amazonie est l\u2019ar\u00e8ne de la lutte pour la terre dans le pays. Selon les derniers rapports de la Commission pastorale de la terre (CPT), des dizaines de milliers de paysans sont impliqu\u00e9s dans les soi-disant \u00ab&nbsp;conflits pour la terre&nbsp;\u00bb dans la r\u00e9gion.<\/p>\n\n\n\n<p>Les nouveaux projets sont donc le maintien de la strat\u00e9gie militaire de l\u2019arm\u00e9e br\u00e9silienne, transmise de g\u00e9n\u00e9ration en g\u00e9n\u00e9ration \u00e0 travers les plans d\u2019\u00e9tudes de la corporation, visant \u00e0 combattre \u00ab&nbsp;l\u2019ennemi int\u00e9rieur&nbsp;\u00bb. La planification strat\u00e9gique des militaires n\u2019est finalement qu\u2019un signe de leur d\u00e9sespoir face \u00e0 la possibilit\u00e9 de nouvelles r\u00e9bellions paysannes en Amazonie.<\/p>\n","protected":false},"excerpt":{"rendered":"<p>Nous publions une traduction non officielle d\u2019un article de A Nova Democracia (https:\/\/anovademocracia.com.br\/exercito-desenvolve-projetos-para-combate-ao-inimigo-interno\/), aussi traduit en anglais par le journal international en ligne Red Herald&nbsp;(https:\/\/redherald.org\/2023\/08\/21\/and-army-develops-projects-to-combat-the-internal-enemy\/). Au cours des derni\u00e8res semaines,&hellip; <\/p>\n","protected":false},"author":1,"featured_media":447,"comment_status":"closed","ping_status":"open","sticky":false,"template":"","format":"standard","meta":{"_themeisle_gutenberg_block_has_review":false,"footnotes":""},"categories":[1],"tags":[],"class_list":["post-446","post","type-post","status-publish","format-standard","has-post-thumbnail","hentry","category-uncategorized"],"_links":{"self":[{"href":"https:\/\/comitenouveaubresil.org\/index.php\/wp-json\/wp\/v2\/posts\/446","targetHints":{"allow":["GET"]}}],"collection":[{"href":"https:\/\/comitenouveaubresil.org\/index.php\/wp-json\/wp\/v2\/posts"}],"about":[{"href":"https:\/\/comitenouveaubresil.org\/index.php\/wp-json\/wp\/v2\/types\/post"}],"author":[{"embeddable":true,"href":"https:\/\/comitenouveaubresil.org\/index.php\/wp-json\/wp\/v2\/users\/1"}],"replies":[{"embeddable":true,"href":"https:\/\/comitenouveaubresil.org\/index.php\/wp-json\/wp\/v2\/comments?post=446"}],"version-history":[{"count":1,"href":"https:\/\/comitenouveaubresil.org\/index.php\/wp-json\/wp\/v2\/posts\/446\/revisions"}],"predecessor-version":[{"id":448,"href":"https:\/\/comitenouveaubresil.org\/index.php\/wp-json\/wp\/v2\/posts\/446\/revisions\/448"}],"wp:featuredmedia":[{"embeddable":true,"href":"https:\/\/comitenouveaubresil.org\/index.php\/wp-json\/wp\/v2\/media\/447"}],"wp:attachment":[{"href":"https:\/\/comitenouveaubresil.org\/index.php\/wp-json\/wp\/v2\/media?parent=446"}],"wp:term":[{"taxonomy":"category","embeddable":true,"href":"https:\/\/comitenouveaubresil.org\/index.php\/wp-json\/wp\/v2\/categories?post=446"},{"taxonomy":"post_tag","embeddable":true,"href":"https:\/\/comitenouveaubresil.org\/index.php\/wp-json\/wp\/v2\/tags?post=446"}],"curies":[{"name":"wp","href":"https:\/\/api.w.org\/{rel}","templated":true}]}}