{"id":529,"date":"2025-05-07T15:55:59","date_gmt":"2025-05-07T15:55:59","guid":{"rendered":"https:\/\/comitenouveaubresil.org\/?p=529"},"modified":"2025-05-07T15:56:04","modified_gmt":"2025-05-07T15:56:04","slug":"des-paysans-assassines-et-expulses-dans-tout-le-pays","status":"publish","type":"post","link":"https:\/\/comitenouveaubresil.org\/index.php\/2025\/05\/07\/des-paysans-assassines-et-expulses-dans-tout-le-pays\/","title":{"rendered":"Des paysans assassin\u00e9s et expuls\u00e9s dans tout le pays"},"content":{"rendered":"\n<p><em>Nous partageons une traduction non-officielle d&rsquo;un article du journal Resistencia Camponesa: <\/em><a href=\"https:\/\/resistenciacamponesa.com\/luta-camponesa\/camponeses-sao-assassinados-e-despejados-pelo-pais\/\">https:\/\/resistenciacamponesa.com\/luta-camponesa\/camponeses-sao-assassinados-e-despejados-pelo-pais\/<\/a><\/p>\n\n\n\n<p>Les propri\u00e9taires terriens ont commis de nouveaux crimes contre les paysans entre fin janvier et d\u00e9but f\u00e9vrier 2025. Plus de 135 familles paysannes qui vivaient depuis quatre mois dans l&rsquo;occupation de Marielle Franco \u00e0 l&rsquo;est de Teresina, Piau\u00ed, ont \u00e9t\u00e9 expuls\u00e9es par une op\u00e9ration de la police militaire en collusion avec des hommes arm\u00e9s. Dans le Maranh\u00e3o, des hommes arm\u00e9s travaillant pour les latifundia ont envahi le territoire des quilombos Cancelas \u00e0 S\u00e3o Benedito do Rio Preto et ont d\u00e9truit et incendi\u00e9 les plantations. \u00c0 Acre, des paysans ont retrouv\u00e9 le corps de Jos\u00e9 Jac\u00f3 Cosotle, 55 ans, un habitant d&rsquo;une occupation \u00e9galement nomm\u00e9e Marielle Franco.<\/p>\n\n\n\n<p><br><strong>Expulsion violente \u00e0 Piau\u00ed<\/strong><\/p>\n\n\n\n<p>Le Comit\u00e9 de solidarit\u00e9 avec la lutte pour la terre (COMSOLUTE) a signal\u00e9 que l&rsquo;expulsion \u00e0 Piau\u00ed a eu lieu sur ordre du 5e tribunal civil du district de Teresina, qui a servi \u00ab les int\u00e9r\u00eats de la Coop\u00e9rative mixte des \u00e9leveurs de volaille de Piau\u00ed (Coave) \u00bb.<\/p>\n\n\n\n<p>Le gouvernement de Piau\u00ed, dirig\u00e9 par Rafael Fonteneles (PT-PI), a mobilis\u00e9 la police militaire, la cavalerie et la police anti-\u00e9meute contre les familles. Vingt autres hommes arm\u00e9s engag\u00e9s par l&rsquo;entreprise ont \u00e9galement pris part \u00e0 l&rsquo;op\u00e9ration. Les sicarios n&rsquo;ont pas laiss\u00e9 les familles r\u00e9cup\u00e9rer leurs biens et ont d\u00e9truit les maisons avec des tracteurs. Selon COMSOLUTE, les habitants qui ont tent\u00e9 de r\u00e9cup\u00e9rer leurs biens pendant la d\u00e9molition ont \u00e9t\u00e9 menac\u00e9s d&rsquo;\u00eatre \u00e9cras\u00e9s par les conducteurs de tracteurs.<\/p>\n\n\n\n<p>Le terrain a \u00e9t\u00e9 attribu\u00e9 \u00e0 Coave, bien que les familles soutiennent que l&rsquo;entreprise ne poss\u00e8de que 50 m\u00b2 dans la zone. L&rsquo;occupation Marielle Franco a \u00e9t\u00e9 construite en 2024 sur un terrain abandonn\u00e9 depuis plus de 40 ans.<\/p>\n\n\n\n<p>\u00ab Cet acte met en \u00e9vidence, une fois de plus, l&rsquo;alliance entre la justice, les forces de police et les int\u00e9r\u00eats priv\u00e9s au d\u00e9triment des droits des personnes. Au profit des latifundia, chaque brin d&rsquo;herbe est consid\u00e9r\u00e9 comme une propri\u00e9t\u00e9 personnelle et inviolable, alors que pour les paysans, aucun de leurs biens ne m\u00e9rite d&rsquo;\u00eatre prot\u00e9g\u00e9 \u00bb, a d\u00e9clar\u00e9 COMSOLUTE dans un communiqu\u00e9. \u00ab Cela se passe \u00e0 la campagne et \u00e0 la ville, dans le Maranh\u00e3o, le Piau\u00ed et dans tout le pays : la collusion de l&rsquo;\u00c9tat avec les latifundia, y compris dans le contexte urbain, unit les forces pour \u00e9craser l&rsquo;organisation des travailleurs, des p\u00e8res et des m\u00e8res de famille.<\/p>\n\n\n\n<p><br><strong>Des hommes arm\u00e9s attaquent des quilombolas dans le Maranh\u00e3o<\/strong><\/p>\n\n\n\n<p>Dans le Maranh\u00e3o, des hommes arm\u00e9s ont mis le feu \u00e0 des plantations et \u00e0 d&rsquo;autres zones d&rsquo;un territoire quilombola \u00e0 Cancelas. L&rsquo;incendie a touch\u00e9 plus de 1 000 hectares de for\u00eat, selon les informations des habitants rapport\u00e9es par R\u00e1dio e TV Quilombo.<\/p>\n\n\n\n<p>Les hommes arm\u00e9s avaient d\u00e9j\u00e0 tent\u00e9 d&rsquo;expulser les quilombolas la semaine pr\u00e9c\u00e9dente. Ils sont arriv\u00e9s avec 14 tracteurs et des cha\u00eenes pour nettoyer la zone. Environ 70 quilombolas se sont plac\u00e9s devant les v\u00e9hicules et ont r\u00e9ussi \u00e0 expulser les envahisseurs.<\/p>\n\n\n\n<p>Le Centre de d\u00e9fense des droits du peuple du p\u00e8re Cl\u00e1udio Bergamaschi et les Forums et r\u00e9seaux de citoyennet\u00e9 de l&rsquo;\u00c9tat de Maranh\u00e3o ont d\u00e9nonc\u00e9 l&rsquo;expulsion ill\u00e9gale et l&rsquo;utilisation du feu contre les populations rurales pauvres.<\/p>\n\n\n\n<p>\u00ab L&rsquo;\u00e9pisode de Cancelas n&rsquo;est pas un acte isol\u00e9, l&rsquo;incendie a \u00e9t\u00e9 une strat\u00e9gie d&rsquo;accaparement des terres dans tout le pays \u00bb, indique la note. \u00ab Il convient de rappeler que cette m\u00eame municipalit\u00e9, S\u00e3o Benedito do Rio Preto, abrite la communaut\u00e9 Baix\u00e3o dos Rochas, qui a fait l&rsquo;objet d&rsquo;une expulsion ill\u00e9gale en 2023. \u00c0 l&rsquo;\u00e9poque, la communaut\u00e9 a \u00e9t\u00e9 envahie de nuit, ses cultures d\u00e9truites, ses maisons, ses fariniers, ses animaux tu\u00e9s, sa nourriture vol\u00e9e, ainsi que la torture physique et psychologique des r\u00e9sidents qui en subissent encore les cons\u00e9quences aujourd&rsquo;hui. \u00bb<\/p>\n\n\n\n<p>Le document d\u00e9nonce \u00e9galement l&rsquo;hypocrisie et le caract\u00e8re de classe des gouverneurs int\u00e9rimaires. \u00ab Ironiquement, le juge de la Cour supr\u00eame du Br\u00e9sil, Fl\u00e1vio Dino, ancien gouverneur de l&rsquo;\u00c9tat de Maranh\u00e3o, a fix\u00e9 la semaine derni\u00e8re une date limite pour que les unit\u00e9s f\u00e9d\u00e9rales qui constituent les biomes de l&rsquo;Amazonie et du Pantanal pr\u00e9sentent leurs plans de lutte contre les incendies. Cependant, le ministre, en tant que gouverneur, a remis les terres de Maranh\u00e3o entre les mains des propri\u00e9taires terriens, qui sont les principales parties impliqu\u00e9es dans les incendies criminels, avec son vice-pr\u00e9sident de l&rsquo;\u00e9poque, Carlos Brand\u00e3o, qui est maintenant l&rsquo;actuel gouverneur et responsable de la nouvelle loi fonci\u00e8re qui facilite l&rsquo;accaparement des terres pour remettre le reste des terres publiques aux propri\u00e9taires terriens, en tant que principal facilitateur \u00bb, indique la note.<\/p>\n\n\n\n<p>\u00ab Le gouvernement en place a d\u00e9j\u00e0 clairement indiqu\u00e9 de quel c\u00f4t\u00e9 il se situe dans cette guerre. Il est du c\u00f4t\u00e9 des propri\u00e9taires terriens et des accapareurs de terres \u00bb, concluent-ils.<\/p>\n\n\n\n<p><br><strong>Conflits sanglants \u00e0 Amacro<\/strong><\/p>\n\n\n\n<p>A Acre, le paysan Jos\u00e9 Jac\u00f3 Cosotle a \u00e9t\u00e9 retrouv\u00e9 mort le 29 janvier, selon les informations de la CPT r\u00e9gionale d&rsquo;Acre. Le paysan, r\u00e9sidant dans la zone d&rsquo;occupation de Marielle Franco, a \u00e9t\u00e9 trouv\u00e9 \u00e0 l&rsquo;entr\u00e9e d&rsquo;une zone de r\u00e9colte de ch\u00e2taignes avec une blessure par balle au menton. Il attendait un ami pour r\u00e9colter les graines.<\/p>\n\n\n\n<p>Paysan assassin\u00e9 dans la r\u00e9gion d&rsquo;Amacro. Photo : Reproduction<\/p>\n\n\n\n<p>\u00ab La r\u00e9gion est le th\u00e9\u00e2tre d&rsquo;un conflit sanglant entre l&rsquo;\u00e9leveur de b\u00e9tail qui revendique la propri\u00e9t\u00e9 des terres et les familles de travailleurs ruraux qui les occupent. Selon certaines informations, il y a m\u00eame eu la pr\u00e9sence de forces de s\u00e9curit\u00e9 arm\u00e9es \u00e0 l&rsquo;int\u00e9rieur de la propri\u00e9t\u00e9 pour intimider les squatters \u00bb, d\u00e9nonce la CPT.<\/p>\n\n\n\n<p>Les terres ont d\u00e9j\u00e0 \u00e9t\u00e9 d\u00e9clar\u00e9es vol\u00e9es et vacantes par l&rsquo;Institut national de la colonisation et de la r\u00e9forme agraire (INCRA). Malgr\u00e9 cela, le gouvernement refuse de remettre les terres aux paysans et laisse les propri\u00e9taires terriens terroriser les pauvres de la r\u00e9gion.<\/p>\n\n\n\n<p>La r\u00e9gion d&rsquo;Amacro (Amazonas, Acre et Rond\u00f4nia) concentre un nombre \u00e9tonnant de crimes commis par les propri\u00e9taires terriens. Le 14 janvier, le paysan Francisco do Nascimento de Melo a \u00e9t\u00e9 assassin\u00e9 par un propri\u00e9taire terrien dans la ville de Boca do Acre (AM). Francisco a \u00e9t\u00e9 assassin\u00e9 pour avoir tent\u00e9 de prot\u00e9ger son fils, qui s&rsquo;\u00e9tait disput\u00e9 avec le propri\u00e9taire.<\/p>\n\n\n\n<p>Dans la r\u00e9gion de Labrea, au sud de l&rsquo;Amazonas, des familles de la communaut\u00e9 Dorothy, compos\u00e9e d&rsquo;extractivistes, d\u00e9noncent les menaces et les pers\u00e9cutions constantes dont elles font l&rsquo;objet de la part d&rsquo;hommes arm\u00e9s li\u00e9s \u00e0 un propri\u00e9taire terrien de la r\u00e9gion.<\/p>\n\n\n\n<p><strong>Appel \u00e0 l&rsquo;autod\u00e9fense<\/strong><\/p>\n\n\n\n<p>C&rsquo;est face \u00e0 cette r\u00e9alit\u00e9 de crimes impunis que la Ligue des paysans pauvres (LCP) a appel\u00e9 ces derni\u00e8res ann\u00e9es les paysans, les indig\u00e8nes et les quilombolas \u00e0 r\u00e9agir par le biais de \u00ab groupes d&rsquo;autod\u00e9fense arm\u00e9s \u00bb, comme l&rsquo;indique un communiqu\u00e9 de l&rsquo;organisation datant de 2023.<\/p>\n\n\n\n<p><\/p>\n","protected":false},"excerpt":{"rendered":"<p>Nous partageons une traduction non-officielle d&rsquo;un article du journal Resistencia Camponesa: https:\/\/resistenciacamponesa.com\/luta-camponesa\/camponeses-sao-assassinados-e-despejados-pelo-pais\/ Les propri\u00e9taires terriens ont commis de nouveaux crimes contre les paysans entre fin janvier et d\u00e9but f\u00e9vrier 2025.&hellip; <\/p>\n","protected":false},"author":1,"featured_media":530,"comment_status":"closed","ping_status":"open","sticky":false,"template":"","format":"standard","meta":{"_themeisle_gutenberg_block_has_review":false,"footnotes":""},"categories":[7],"tags":[],"class_list":["post-529","post","type-post","status-publish","format-standard","has-post-thumbnail","hentry","category-actu"],"_links":{"self":[{"href":"https:\/\/comitenouveaubresil.org\/index.php\/wp-json\/wp\/v2\/posts\/529","targetHints":{"allow":["GET"]}}],"collection":[{"href":"https:\/\/comitenouveaubresil.org\/index.php\/wp-json\/wp\/v2\/posts"}],"about":[{"href":"https:\/\/comitenouveaubresil.org\/index.php\/wp-json\/wp\/v2\/types\/post"}],"author":[{"embeddable":true,"href":"https:\/\/comitenouveaubresil.org\/index.php\/wp-json\/wp\/v2\/users\/1"}],"replies":[{"embeddable":true,"href":"https:\/\/comitenouveaubresil.org\/index.php\/wp-json\/wp\/v2\/comments?post=529"}],"version-history":[{"count":1,"href":"https:\/\/comitenouveaubresil.org\/index.php\/wp-json\/wp\/v2\/posts\/529\/revisions"}],"predecessor-version":[{"id":531,"href":"https:\/\/comitenouveaubresil.org\/index.php\/wp-json\/wp\/v2\/posts\/529\/revisions\/531"}],"wp:featuredmedia":[{"embeddable":true,"href":"https:\/\/comitenouveaubresil.org\/index.php\/wp-json\/wp\/v2\/media\/530"}],"wp:attachment":[{"href":"https:\/\/comitenouveaubresil.org\/index.php\/wp-json\/wp\/v2\/media?parent=529"}],"wp:term":[{"taxonomy":"category","embeddable":true,"href":"https:\/\/comitenouveaubresil.org\/index.php\/wp-json\/wp\/v2\/categories?post=529"},{"taxonomy":"post_tag","embeddable":true,"href":"https:\/\/comitenouveaubresil.org\/index.php\/wp-json\/wp\/v2\/tags?post=529"}],"curies":[{"name":"wp","href":"https:\/\/api.w.org\/{rel}","templated":true}]}}