{"id":532,"date":"2025-05-07T16:01:25","date_gmt":"2025-05-07T16:01:25","guid":{"rendered":"https:\/\/comitenouveaubresil.org\/?p=532"},"modified":"2025-05-07T16:01:29","modified_gmt":"2025-05-07T16:01:29","slug":"des-mercenaires-et-la-police-militaire-attaquent-la-zone-revolutionnaire-de-gedeon-jose-duque-a-machadinho-doeste-un-paysan-a-ete-tue-par-balle","status":"publish","type":"post","link":"https:\/\/comitenouveaubresil.org\/index.php\/2025\/05\/07\/des-mercenaires-et-la-police-militaire-attaquent-la-zone-revolutionnaire-de-gedeon-jose-duque-a-machadinho-doeste-un-paysan-a-ete-tue-par-balle\/","title":{"rendered":"Des mercenaires et la police militaire attaquent la zone r\u00e9volutionnaire de Gedeon Jos\u00e9 Duque \u00e0 Machadinho d&rsquo;Oeste ; un paysan a \u00e9t\u00e9 tu\u00e9 par balle."},"content":{"rendered":"\n<p><em>Nous partageons une traduction non-officielle d&rsquo;un article du journal Resistencia Camponesa: <\/em><a href=\"https:\/\/resistenciacamponesa.com\/luta-camponesa\/camponeses-de-machadinho-do-oeste-ro-resistem-a-ataque-do-invasao-zero\/\">https:\/\/resistenciacamponesa.com\/luta-camponesa\/camponeses-de-machadinho-do-oeste-ro-resistem-a-ataque-do-invasao-zero\/<\/a><\/p>\n\n\n\n<p>Un groupe d&rsquo;une quinzaine d&rsquo;hommes arm\u00e9s lourdement arm\u00e9s attaque actuellement la zone r\u00e9volutionnaire de Gedeon Jos\u00e9 Duque \u00e0 Machadinho d&rsquo;Oeste.<\/p>\n\n\n\n<p>Selon les rapports des paysans, les hommes arm\u00e9s se sont install\u00e9s le vendredi 28 mars dans une ferme voisine de la zone r\u00e9volutionnaire, qui appartient au propri\u00e9taire pr\u00e9sum\u00e9 de la propri\u00e9t\u00e9 occup\u00e9e par les paysans, connu sous le nom de Neg\u00e3o. Le dimanche 30 mars, vers 14 heures, les hommes arm\u00e9s sont entr\u00e9s dans les bois entourant la zone, munis de fusils, et ont tir\u00e9 deux balles dans la jambe d&rsquo;un paysan.<\/p>\n\n\n\n<p>Ces derniers jours, le groupe paramilitaire, qui op\u00e8re sur le mod\u00e8le du groupe Invas\u00e3o Zero, a fait circuler dans les commerces locaux la menace d&rsquo;une nouvelle offensive, cette fois avec un contingent encore plus important de 30 \u00e0 50 personnes. Le mardi 1er avril, huit camionnettes transportant des hommes arm\u00e9s ont \u00e9t\u00e9 identifi\u00e9es dans la r\u00e9gion. Selon les paysans, le groupe comprenait des officiers de la police militaire d&rsquo;active et de r\u00e9serve.<\/p>\n\n\n\n<p>Selon les rapports, le gang est dirig\u00e9 par le tireur en chef Gesulino Cesar Travagine Castro, qui a un long pass\u00e9 d&rsquo;implication dans des crimes \u00e0 la campagne, couverts par les agences de l&rsquo;\u00c9tat et la police militaire de Rond\u00f4nia. Gesulino serait au service du propri\u00e9taire terrien connu sous le nom de Neg\u00e3o, qui pr\u00e9tend \u00eatre le propri\u00e9taire des terres de la zone de Gedeon, terres qui appartiennent au gouvernement f\u00e9d\u00e9ral et qui sont destin\u00e9es \u00e0 la r\u00e9forme agraire. Gesulino travaillerait \u00e9galement avec et \u00e0 la demande de Silveira Farm, un latifundium de soja qui a cherch\u00e9 \u00e0 s&rsquo;approprier des terres dans les environs afin d&rsquo;\u00e9tendre sa production.<\/p>\n\n\n\n<p>La situation est tendue et de nouvelles attaques peuvent se produire \u00e0 tout moment. Les paysans continuent de r\u00e9sister par tous les moyens, ils affirment qu&rsquo;ils ne quitteront pas leurs terres et pr\u00e9viennent que tout ce qui arrivera sera de la responsabilit\u00e9 totale du gouverneur Marcos Rocha et de la connivence du gouvernement f\u00e9d\u00e9ral (Lula\/PT). Ils accusent en outre l&rsquo;Incra, qui n&rsquo;a jusqu&rsquo;\u00e0 pr\u00e9sent rien fait pour attribuer les terres aux paysans sans terre ou pauvres de la r\u00e9gion.<\/p>\n\n\n\n<figure class=\"wp-block-image size-full\"><img loading=\"lazy\" decoding=\"async\" width=\"1024\" height=\"770\" src=\"https:\/\/comitenouveaubresil.org\/wp-content\/uploads\/2025\/05\/2.jpeg\" alt=\"\" class=\"wp-image-534\" srcset=\"https:\/\/comitenouveaubresil.org\/wp-content\/uploads\/2025\/05\/2.jpeg 1024w, https:\/\/comitenouveaubresil.org\/wp-content\/uploads\/2025\/05\/2-300x226.jpeg 300w, https:\/\/comitenouveaubresil.org\/wp-content\/uploads\/2025\/05\/2-768x578.jpeg 768w\" sizes=\"auto, (max-width: 1024px) 100vw, 1024px\" \/><\/figure>\n\n\n\n<p><strong>\u00c0 propos de la zone r\u00e9volutionnaire<\/strong><\/p>\n\n\n\n<p>Aujourd&rsquo;hui, plus de 120 familles paysannes vivent dans la zone r\u00e9volutionnaire de Gedeon Jos\u00e9 Duque et produisent pour leur subsistance. La zone a \u00e9t\u00e9 nomm\u00e9e en l&rsquo;honneur de l&rsquo;\u00e9minent dirigeant de la Ligue des paysans pauvres, assassin\u00e9 par la police militaire de Rond\u00f4nia en octobre 2021. Gedeon \u00e9tait un leader des masses dans les zones paysannes de Dois Amigos, Tiago Campin dos Santos et Ademar Ferreira, situ\u00e9es dans la r\u00e9gion nord-ouest du Rond\u00f4nia, zones qui ont \u00e9t\u00e9 le th\u00e9\u00e2tre des plus importantes luttes du peuple br\u00e9silien contre le gouvernement militaire g\u00e9nocidaire de Bolsonaro et des g\u00e9n\u00e9raux, \u00e0 l&rsquo;occasion de l&rsquo;h\u00e9ro\u00efque r\u00e9sistance paysanne contre l&rsquo;op\u00e9ration \u00ab Nova Mutum \u00bb.<\/p>\n\n\n\n<p>L&rsquo;AR Gedeon, situ\u00e9e \u00e0 Machadinho d&rsquo;Oeste, se trouve dans une r\u00e9gion en fort conflit avec les latifundia. Elle est voisine des zones r\u00e9volutionnaires Valdiro Chagas et Gonzalo 1 et 2, qui ont \u00e9t\u00e9 le th\u00e9\u00e2tre de crimes r\u00e9p\u00e9t\u00e9s commis par la police militaire et la police civile, r\u00e9cemment signal\u00e9s \u00e0 l&rsquo;AND, tels que des approches \u00e9clair et abusives, des menaces et la criminalisation de la lutte pour la terre et la pers\u00e9cution des dirigeants. En outre, l&rsquo;AR Valdiro Chagas a fait l&rsquo;objet de tentatives de saisie au cours des ann\u00e9es pr\u00e9c\u00e9dentes, qui ont \u00e9t\u00e9 d\u00e9jou\u00e9es par l&rsquo;action combative des paysans.<\/p>\n\n\n\n<p><strong>Un bandit et un tireur au long CV<\/strong><\/p>\n\n\n\n<p>Selon le portail de la r\u00e9sistance paysanne, Gesulino Cesar Travagine Castro est l&rsquo;auteur et le cerveau de dizaines d&rsquo;assassinats dans la r\u00e9gion de Buritis, une ville du Rond\u00f4nia situ\u00e9e \u00e0 330 kilom\u00e8tres de la capitale Porto Velho, dans la r\u00e9gion d&rsquo;Ariquemes. Il a \u00e9t\u00e9 condamn\u00e9 \u00e0 35 ans de prison pour avoir \u00e9t\u00e9 le cerveau de l&rsquo;\u00e9pisode connu sous le nom de \u00ab massacre de Buritis \u00bb, qui a entra\u00een\u00e9 l&rsquo;assassinat de six personnes en avril 2012 \u00e0 Buritis en raison d&rsquo;un diff\u00e9rend foncier.<\/p>\n\n\n\n<p>\u00c0 Cujubim, une ville du Rond\u00f4nia situ\u00e9e dans la m\u00eame r\u00e9gion, \u00e0 159 kilom\u00e8tres de la capitale, Gesulino a \u00e9galement coopt\u00e9 des officiers de la police civile et militaire pour couvrir ses crimes, et continue de semer la terreur avec ses crimes couverts par les agences de l&rsquo;\u00c9tat du Rond\u00f4nia.<\/p>\n\n\n\n<figure class=\"wp-block-image size-full\"><img loading=\"lazy\" decoding=\"async\" width=\"1024\" height=\"708\" src=\"https:\/\/comitenouveaubresil.org\/wp-content\/uploads\/2025\/05\/3-1024x708-1.png\" alt=\"\" class=\"wp-image-535\" srcset=\"https:\/\/comitenouveaubresil.org\/wp-content\/uploads\/2025\/05\/3-1024x708-1.png 1024w, https:\/\/comitenouveaubresil.org\/wp-content\/uploads\/2025\/05\/3-1024x708-1-300x207.png 300w, https:\/\/comitenouveaubresil.org\/wp-content\/uploads\/2025\/05\/3-1024x708-1-768x531.png 768w\" sizes=\"auto, (max-width: 1024px) 100vw, 1024px\" \/><\/figure>\n","protected":false},"excerpt":{"rendered":"<p>Nous partageons une traduction non-officielle d&rsquo;un article du journal Resistencia Camponesa: https:\/\/resistenciacamponesa.com\/luta-camponesa\/camponeses-de-machadinho-do-oeste-ro-resistem-a-ataque-do-invasao-zero\/ Un groupe d&rsquo;une quinzaine d&rsquo;hommes arm\u00e9s lourdement arm\u00e9s attaque actuellement la zone r\u00e9volutionnaire de Gedeon Jos\u00e9 Duque \u00e0&hellip; <\/p>\n","protected":false},"author":1,"featured_media":533,"comment_status":"closed","ping_status":"open","sticky":false,"template":"","format":"standard","meta":{"_themeisle_gutenberg_block_has_review":false,"footnotes":""},"categories":[7],"tags":[],"class_list":["post-532","post","type-post","status-publish","format-standard","has-post-thumbnail","hentry","category-actu"],"_links":{"self":[{"href":"https:\/\/comitenouveaubresil.org\/index.php\/wp-json\/wp\/v2\/posts\/532","targetHints":{"allow":["GET"]}}],"collection":[{"href":"https:\/\/comitenouveaubresil.org\/index.php\/wp-json\/wp\/v2\/posts"}],"about":[{"href":"https:\/\/comitenouveaubresil.org\/index.php\/wp-json\/wp\/v2\/types\/post"}],"author":[{"embeddable":true,"href":"https:\/\/comitenouveaubresil.org\/index.php\/wp-json\/wp\/v2\/users\/1"}],"replies":[{"embeddable":true,"href":"https:\/\/comitenouveaubresil.org\/index.php\/wp-json\/wp\/v2\/comments?post=532"}],"version-history":[{"count":1,"href":"https:\/\/comitenouveaubresil.org\/index.php\/wp-json\/wp\/v2\/posts\/532\/revisions"}],"predecessor-version":[{"id":536,"href":"https:\/\/comitenouveaubresil.org\/index.php\/wp-json\/wp\/v2\/posts\/532\/revisions\/536"}],"wp:featuredmedia":[{"embeddable":true,"href":"https:\/\/comitenouveaubresil.org\/index.php\/wp-json\/wp\/v2\/media\/533"}],"wp:attachment":[{"href":"https:\/\/comitenouveaubresil.org\/index.php\/wp-json\/wp\/v2\/media?parent=532"}],"wp:term":[{"taxonomy":"category","embeddable":true,"href":"https:\/\/comitenouveaubresil.org\/index.php\/wp-json\/wp\/v2\/categories?post=532"},{"taxonomy":"post_tag","embeddable":true,"href":"https:\/\/comitenouveaubresil.org\/index.php\/wp-json\/wp\/v2\/tags?post=532"}],"curies":[{"name":"wp","href":"https:\/\/api.w.org\/{rel}","templated":true}]}}