{"id":537,"date":"2025-05-07T16:06:58","date_gmt":"2025-05-07T16:06:58","guid":{"rendered":"https:\/\/comitenouveaubresil.org\/?p=537"},"modified":"2025-05-07T16:07:03","modified_gmt":"2025-05-07T16:07:03","slug":"invasion-zero-mene-une-nouvelle-attaque-contre-les-paysans-de-la-zone-revolutionnaire-de-gedeon","status":"publish","type":"post","link":"https:\/\/comitenouveaubresil.org\/index.php\/2025\/05\/07\/invasion-zero-mene-une-nouvelle-attaque-contre-les-paysans-de-la-zone-revolutionnaire-de-gedeon\/","title":{"rendered":"\u00ab\u00a0Invasion Zero\u00a0\u00bb m\u00e8ne une nouvelle attaque contre les paysans de la zone r\u00e9volutionnaire de Gedeon."},"content":{"rendered":"\n<p><em>Nous partageons une traduction non-officielle d\u2019un article du journal Resistencia Camponesa:<\/em> <a href=\"https:\/\/resistenciacamponesa.com\/luta-camponesa\/invasao-zero-ataca-novamente-camponeses-da-area-gedeon\/\">https:\/\/resistenciacamponesa.com\/luta-camponesa\/invasao-zero-ataca-novamente-camponeses-da-area-gedeon\/<\/a><\/p>\n\n\n\n<p>Des hommes arm\u00e9s et des propri\u00e9taires terriens du groupe \u00ab Zero Invasion \u00bb, entass\u00e9s dans plus de 20 camionnettes et lourdement arm\u00e9s, envahissent la zone de Gedeon Jos\u00e9 Duque \u00e0 Machadinho D&rsquo;Oeste, \u00e0 l&rsquo;int\u00e9rieur du Rond\u00f4nia (RO). L&rsquo;information est parvenue \u00e0 la r\u00e9daction du journal A Nova Democracia (AND) au moment de l&rsquo;invasion, aujourd&rsquo;hui (09\/04).<\/p>\n\n\n\n<p>\u00ab Il y a des femmes enceintes et des b\u00e9b\u00e9s, sous les yeux des propri\u00e9taires terriens, de leurs hommes de main et de quelques policiers \u00bb, a d\u00e9clar\u00e9 un paysan de la r\u00e9gion \u00e0 AND.<\/p>\n\n\n\n<p>Les paysans affirment qu&rsquo;un h\u00e9licopt\u00e8re a survol\u00e9 la zone pendant plusieurs minutes, puis que plusieurs camionnettes se sont approch\u00e9es de la zone. \u00ab Ils se sont arr\u00eat\u00e9s dans un petit bar, qui est plein. Il y a environ 20 camionnettes de fermiers et trois camionnettes de police. Un seul est caract\u00e9ris\u00e9 et les autres ne le sont pas. Ils m&rsquo;ont juste arr\u00eat\u00e9 l\u00e0 \u00bb, a d\u00e9nonc\u00e9 un autre paysan.<\/p>\n\n\n\n<p>Des images enregistr\u00e9es par un paysan d&rsquo;une r\u00e9gion voisine, Gon\u00e7alo, montrent les camions en route pour Gedeon. Des images partag\u00e9es sur les m\u00e9dias sociaux et par des organes de presse locaux montrent les armes utilis\u00e9es par les hommes arm\u00e9s : l&rsquo;une d&rsquo;entre elles montre au moins trois pistolets, deux fusils de chasse et un fusil avec une lunette de pr\u00e9cision, ainsi que des munitions et des radiocommunications.<\/p>\n\n\n\n<p>La r\u00e9gion de Gedeon avait d\u00e9j\u00e0 \u00e9t\u00e9 attaqu\u00e9e la semaine derni\u00e8re. \u00c0 cette occasion, une quinzaine d&rsquo;hommes arm\u00e9s lourdement li\u00e9s \u00e0 \u00ab Invas\u00e3o Zero \u00bb avaient tent\u00e9 d&rsquo;envahir les terres. L&rsquo;un d&rsquo;entre eux a tir\u00e9 une balle dans la jambe d&rsquo;un paysan.<\/p>\n\n\n\n<p><strong>Invas\u00e3o Zero \u00e0 l&rsquo;origine de l&rsquo;attaque<\/strong><\/p>\n\n\n\n<p>Le portail Resist\u00eancia Camponesa affirme que le groupe \u00ab Invas\u00e3o Zero \u00bb est \u00e0 l&rsquo;origine de l&rsquo;attaque et que le gang local d&rsquo;hommes arm\u00e9s est dirig\u00e9 par \u00ab le chef des hommes arm\u00e9s Gesulino Cesar Travagine Castro, qui a une longue histoire et est impliqu\u00e9 dans des crimes dans les campagnes, couverts par les agences de l&rsquo;\u00c9tat et la police militaire de Rond\u00f4nia \u00bb.<\/p>\n\n\n\n<p>\u00ab Gesulino serait au service du propri\u00e9taire terrien connu sous le nom de Neg\u00e3o, qui pr\u00e9tend \u00eatre le propri\u00e9taire des terres de la zone de Gedeon, terres qui appartiennent au gouvernement f\u00e9d\u00e9ral et qui sont destin\u00e9es \u00e0 la r\u00e9forme agraire. Gesulino travaillerait \u00e9galement pour et \u00e0 la demande de Silveira Farm, un latifundium de soja qui a cherch\u00e9 \u00e0 s&rsquo;approprier des terres dans les environs afin d&rsquo;\u00e9tendre sa production \u00bb, poursuit la plainte.<\/p>\n\n\n\n<p>Gesulino est un bandit notoire qui a \u00e9t\u00e9 condamn\u00e9 \u00e0 35 ans de prison pour avoir \u00e9t\u00e9 le cerveau du \u00ab massacre de Buritis \u00bb, un \u00e9pisode qui s&rsquo;est sold\u00e9 par la mort de six personnes en avril 2012 \u00e0 la suite d&rsquo;un diff\u00e9rend foncier. Apr\u00e8s sa lib\u00e9ration, Gesulino s&rsquo;est consacr\u00e9 au trafic d&rsquo;armes et a \u00ab coopt\u00e9 la police civile et militaire pour couvrir ses crimes \u00bb, selon Peasant Resistance.<\/p>\n\n\n\n<p><strong>Plus de 120 familles<\/strong><\/p>\n\n\n\n<p>La zone de Gedeon Jos\u00e9 Duque sert de lieu de travail et de logement \u00e0 plus de 120 familles paysannes. Elle est situ\u00e9e \u00e0 c\u00f4t\u00e9 des zones Valdiro Chagas et Gonzalo 1 et 2, toutes \u00e0 Machadinho D&rsquo;Oeste.<\/p>\n\n\n\n<p>La r\u00e9gion est le th\u00e9\u00e2tre d&rsquo;intenses conflits fonciers dus aux actions des latifundia. La police militaire et la police civile travaillent en collusion avec les latifundia.<\/p>\n\n\n\n<p>La r\u00e9gion a \u00e9t\u00e9 nomm\u00e9e en l&rsquo;honneur du dirigeant de la Ligue des paysans pauvres (LCP), Gedeon Jos\u00e9 Duque. Il a \u00e9t\u00e9 assassin\u00e9 par la police militaire en octobre 2021 apr\u00e8s avoir men\u00e9 d&rsquo;importantes luttes paysannes dans les r\u00e9gions de Dois Amigos, Tiago Campin dos Santos et Ademar Ferreira, dans le nord-ouest de l&rsquo;\u00c9tat de Rond\u00f4nia.<\/p>\n","protected":false},"excerpt":{"rendered":"<p>Nous partageons une traduction non-officielle d\u2019un article du journal Resistencia Camponesa: https:\/\/resistenciacamponesa.com\/luta-camponesa\/invasao-zero-ataca-novamente-camponeses-da-area-gedeon\/ Des hommes arm\u00e9s et des propri\u00e9taires terriens du groupe \u00ab Zero Invasion \u00bb, entass\u00e9s dans plus de 20&hellip; <\/p>\n","protected":false},"author":1,"featured_media":538,"comment_status":"closed","ping_status":"open","sticky":false,"template":"","format":"standard","meta":{"_themeisle_gutenberg_block_has_review":false,"footnotes":""},"categories":[7],"tags":[],"class_list":["post-537","post","type-post","status-publish","format-standard","has-post-thumbnail","hentry","category-actu"],"_links":{"self":[{"href":"https:\/\/comitenouveaubresil.org\/index.php\/wp-json\/wp\/v2\/posts\/537","targetHints":{"allow":["GET"]}}],"collection":[{"href":"https:\/\/comitenouveaubresil.org\/index.php\/wp-json\/wp\/v2\/posts"}],"about":[{"href":"https:\/\/comitenouveaubresil.org\/index.php\/wp-json\/wp\/v2\/types\/post"}],"author":[{"embeddable":true,"href":"https:\/\/comitenouveaubresil.org\/index.php\/wp-json\/wp\/v2\/users\/1"}],"replies":[{"embeddable":true,"href":"https:\/\/comitenouveaubresil.org\/index.php\/wp-json\/wp\/v2\/comments?post=537"}],"version-history":[{"count":1,"href":"https:\/\/comitenouveaubresil.org\/index.php\/wp-json\/wp\/v2\/posts\/537\/revisions"}],"predecessor-version":[{"id":539,"href":"https:\/\/comitenouveaubresil.org\/index.php\/wp-json\/wp\/v2\/posts\/537\/revisions\/539"}],"wp:featuredmedia":[{"embeddable":true,"href":"https:\/\/comitenouveaubresil.org\/index.php\/wp-json\/wp\/v2\/media\/538"}],"wp:attachment":[{"href":"https:\/\/comitenouveaubresil.org\/index.php\/wp-json\/wp\/v2\/media?parent=537"}],"wp:term":[{"taxonomy":"category","embeddable":true,"href":"https:\/\/comitenouveaubresil.org\/index.php\/wp-json\/wp\/v2\/categories?post=537"},{"taxonomy":"post_tag","embeddable":true,"href":"https:\/\/comitenouveaubresil.org\/index.php\/wp-json\/wp\/v2\/tags?post=537"}],"curies":[{"name":"wp","href":"https:\/\/api.w.org\/{rel}","templated":true}]}}