{"id":540,"date":"2025-05-07T16:12:09","date_gmt":"2025-05-07T16:12:09","guid":{"rendered":"https:\/\/comitenouveaubresil.org\/?p=540"},"modified":"2025-05-07T16:12:54","modified_gmt":"2025-05-07T16:12:54","slug":"des-mercenaires-et-la-police-militaire-continuent-de-semer-la-terreur-dans-la-zone-revolutionnaire-de-gedeon-jose-duque-et-dans-les-zones-voisines","status":"publish","type":"post","link":"https:\/\/comitenouveaubresil.org\/index.php\/2025\/05\/07\/des-mercenaires-et-la-police-militaire-continuent-de-semer-la-terreur-dans-la-zone-revolutionnaire-de-gedeon-jose-duque-et-dans-les-zones-voisines\/","title":{"rendered":"Des mercenaires et la police militaire continuent de semer la terreur dans la zone r\u00e9volutionnaire de Gedeon Jos\u00e9 Duque et dans les zones voisines."},"content":{"rendered":"\n<p><em>Nous partageons une traduction non-officielle d\u2019un article du journal Resistencia Camponesa:<\/em> <a href=\"https:\/\/resistenciacamponesa.com\/luta-camponesa\/pistolagem-e-policia-militar-seguem-causando-terror-na-area-revolucionarias-gedeon-jose-duque-e-areas-vizinhas\/\">https:\/\/resistenciacamponesa.com\/luta-camponesa\/pistolagem-e-policia-militar-seguem-causando-terror-na-area-revolucionarias-gedeon-jose-duque-e-areas-vizinhas\/<\/a><\/p>\n\n\n\n<p>L&rsquo;op\u00e9ration combin\u00e9e entre la police militaire du Rond\u00f4nia et les hommes arm\u00e9s dirig\u00e9s par Gesulino Cesar Travagine Castro continue de commettre des crimes en plein jour, avec la garantie de l&rsquo;impunit\u00e9, affichant m\u00eame leurs crimes sur les r\u00e9seaux sociaux. Les actions de la police militaire et des hommes arm\u00e9s se sont \u00e9tendues aux zones voisines, bien qu&rsquo;il n&rsquo;y ait eu aucune op\u00e9ration de reprise de possession \u00e9mise par le syst\u00e8me judiciaire de Rond\u00f4nia \u00e0 l&rsquo;encontre de ces zones.<\/p>\n\n\n\n<p>Le 9 avril, la police militaire a arr\u00eat\u00e9 un homme d&rsquo;affaires local, dont on ne sait toujours pas o\u00f9 il se trouve. Un autre paysan de la r\u00e9gion de Gedeon a disparu depuis le d\u00e9but de l&rsquo;op\u00e9ration. Il a \u00e9t\u00e9 vu pour la derni\u00e8re fois quittant la zone de Gonzalo et se dirigeant vers la zone de Gedeon Jos\u00e9 Duque, sur la m\u00eame ligne o\u00f9 deux camionnettes transportant des hommes arm\u00e9s ont \u00e9t\u00e9 rep\u00e9r\u00e9es.<\/p>\n\n\n\n<p>Le 10, des hommes arm\u00e9s se sont d\u00e9cha\u00een\u00e9s et ont p\u00e9n\u00e9tr\u00e9 dans les maisons des paysans de la zone de Gonzalo, mena\u00e7ant et agressant plusieurs r\u00e9sidents. Ils ont m\u00eame saisi le cou d&rsquo;un couple \u00e2g\u00e9 et l&rsquo;ont menac\u00e9 de mort s&rsquo;il ne quittait pas imm\u00e9diatement sa parcelle. Le 10 \u00e9galement, la police militaire a envahi une partie de la zone r\u00e9volutionnaire de Valdiro Chagas au motif qu&rsquo;elle recherchait des paysans qui avaient quitt\u00e9 la zone de Gedeon et \u00e9taient cens\u00e9s \u00eatre cach\u00e9s par d&rsquo;autres habitants de la zone voisine. Depuis le 9, des machines et des tracteurs coupent la for\u00eat de r\u00e9serve situ\u00e9e dans la zone de Gedeon, tandis que des groupes d&rsquo;hommes arm\u00e9s agissant en bandes continuent de d\u00e9truire les biens des familles et de les pourchasser, y compris un groupe de femmes et d&rsquo;enfants qui sont toujours encercl\u00e9s par les hommes arm\u00e9s. Pendant que la bande arm\u00e9e de Gesulino fait le sale boulot, la police militaire survole la zone de Gedeon en h\u00e9licopt\u00e8re et les polices civile et militaire de Machadinho d&rsquo;Oeste et de Cujubim continuent d&rsquo;agir sur le terrain en coordination avec les hommes arm\u00e9s qui se sont regroup\u00e9s dans la for\u00eat.<\/p>\n\n\n\n<p>Jusqu&rsquo;\u00e0 pr\u00e9sent, aucune autorit\u00e9 des pouvoirs ex\u00e9cutif, l\u00e9gislatif ou judiciaire de Rond\u00f4nia n&rsquo;a comment\u00e9 l&rsquo;affaire. Pendant ce temps, Gesulino continue de publier ses crimes sur ses r\u00e9seaux sociaux, notamment sur Instagram. Le 30, il a post\u00e9 une vid\u00e9o de lui d\u00e9truisant l&rsquo;entr\u00e9e de l&rsquo;AR Gedeon, mettant le feu \u00e0 la structure de surveillance de la zone et aux banderoles de la Ligue des paysans pauvres. Dans une autre vid\u00e9o, Gesulino se vante de la rapidit\u00e9 avec laquelle il a construit une cl\u00f4ture dans la partie de la zone de Gedeon qu&rsquo;il a envahie. La vid\u00e9o a \u00e9t\u00e9 r\u00e9cemment supprim\u00e9e, mais les r\u00e9sidents ont sauvegard\u00e9 les message : <\/p>\n\n\n\n<figure class=\"wp-block-video\"><video height=\"848\" style=\"aspect-ratio: 480 \/ 848;\" width=\"480\" controls src=\"https:\/\/comitenouveaubresil.org\/wp-content\/uploads\/2025\/05\/Gesulino-arrumando-a-cerca.mp4\"><\/video><\/figure>\n\n\n\n<p>Les paysans ont \u00e9galement identifi\u00e9 l&rsquo;un des tireurs qui a abattu un paysan de la r\u00e9gion de Gedeon le 31, Di\u00f3genes, qui serait l&rsquo;un des g\u00e9rants de Gesulino. Le v\u00e9hicule utilis\u00e9 lors de l&rsquo;attaque se trouvait avec la police militaire lors de l&rsquo;arrestation de l&rsquo;homme d&rsquo;affaires local et continue de circuler dans la r\u00e9gion. \u00c0 ce jour, les auteurs de ce crime n&rsquo;ont pas \u00e9t\u00e9 arr\u00eat\u00e9s. Les paysans de la r\u00e9gion affirment que la saisie d&rsquo;armes et de munitions aupr\u00e8s des membres du groupe \u00ab Zero Invasion \u00bb, effectu\u00e9e par la police militaire le 9 avril, n&rsquo;\u00e9tait qu&rsquo;une mise en sc\u00e8ne, alors qu&rsquo;ils couvraient les hommes arm\u00e9s dans les bois. Face \u00e0 une flotte de plus de 15 camionnettes transportant des propri\u00e9taires terriens et des hommes de main arm\u00e9s jusqu&rsquo;aux dents, l&rsquo;action de la police s&rsquo;est sold\u00e9e par la saisie de seulement 6 armes \u00e0 feu et de quelques dizaines de munitions.<\/p>\n\n\n\n<p><\/p>\n","protected":false},"excerpt":{"rendered":"<p>Nous partageons une traduction non-officielle d\u2019un article du journal Resistencia Camponesa: https:\/\/resistenciacamponesa.com\/luta-camponesa\/pistolagem-e-policia-militar-seguem-causando-terror-na-area-revolucionarias-gedeon-jose-duque-e-areas-vizinhas\/ L&rsquo;op\u00e9ration combin\u00e9e entre la police militaire du Rond\u00f4nia et les hommes arm\u00e9s dirig\u00e9s par Gesulino Cesar Travagine Castro&hellip; <\/p>\n","protected":false},"author":1,"featured_media":541,"comment_status":"closed","ping_status":"open","sticky":false,"template":"","format":"standard","meta":{"_themeisle_gutenberg_block_has_review":false,"footnotes":""},"categories":[7],"tags":[],"class_list":["post-540","post","type-post","status-publish","format-standard","has-post-thumbnail","hentry","category-actu"],"_links":{"self":[{"href":"https:\/\/comitenouveaubresil.org\/index.php\/wp-json\/wp\/v2\/posts\/540","targetHints":{"allow":["GET"]}}],"collection":[{"href":"https:\/\/comitenouveaubresil.org\/index.php\/wp-json\/wp\/v2\/posts"}],"about":[{"href":"https:\/\/comitenouveaubresil.org\/index.php\/wp-json\/wp\/v2\/types\/post"}],"author":[{"embeddable":true,"href":"https:\/\/comitenouveaubresil.org\/index.php\/wp-json\/wp\/v2\/users\/1"}],"replies":[{"embeddable":true,"href":"https:\/\/comitenouveaubresil.org\/index.php\/wp-json\/wp\/v2\/comments?post=540"}],"version-history":[{"count":2,"href":"https:\/\/comitenouveaubresil.org\/index.php\/wp-json\/wp\/v2\/posts\/540\/revisions"}],"predecessor-version":[{"id":544,"href":"https:\/\/comitenouveaubresil.org\/index.php\/wp-json\/wp\/v2\/posts\/540\/revisions\/544"}],"wp:featuredmedia":[{"embeddable":true,"href":"https:\/\/comitenouveaubresil.org\/index.php\/wp-json\/wp\/v2\/media\/541"}],"wp:attachment":[{"href":"https:\/\/comitenouveaubresil.org\/index.php\/wp-json\/wp\/v2\/media?parent=540"}],"wp:term":[{"taxonomy":"category","embeddable":true,"href":"https:\/\/comitenouveaubresil.org\/index.php\/wp-json\/wp\/v2\/categories?post=540"},{"taxonomy":"post_tag","embeddable":true,"href":"https:\/\/comitenouveaubresil.org\/index.php\/wp-json\/wp\/v2\/tags?post=540"}],"curies":[{"name":"wp","href":"https:\/\/api.w.org\/{rel}","templated":true}]}}