{"id":545,"date":"2025-05-07T16:19:14","date_gmt":"2025-05-07T16:19:14","guid":{"rendered":"https:\/\/comitenouveaubresil.org\/?p=545"},"modified":"2025-05-07T16:19:18","modified_gmt":"2025-05-07T16:19:18","slug":"manifeste-des-paysans-de-la-zone-revolutionnaire-de-gedeon-jose-duque","status":"publish","type":"post","link":"https:\/\/comitenouveaubresil.org\/index.php\/2025\/05\/07\/manifeste-des-paysans-de-la-zone-revolutionnaire-de-gedeon-jose-duque\/","title":{"rendered":"Manifeste des paysans de la zone r\u00e9volutionnaire de Gedeon Jos\u00e9 Duque"},"content":{"rendered":"\n<p><em>Nous partageons une traduction non-officielle d\u2019un article du journal Resistencia Camponesa:<\/em> <a href=\"https:\/\/resistenciacamponesa.com\/luta-camponesa\/manifesto-dos-camponeses-da-area-revolucionaria-gedeon-jose-duque\/\">https:\/\/resistenciacamponesa.com\/luta-camponesa\/manifesto-dos-camponeses-da-area-revolucionaria-gedeon-jose-duque\/<\/a><\/p>\n\n\n\n<p>La zone r\u00e9volutionnaire Gedeon Jos\u00e9 Duque a subi une l\u00e2che attaque command\u00e9e directement par le sanguinaire Gesulino Castro. Il montre son visage, mais c&rsquo;est un chien des latifundia. Des rumeurs circulent dans la r\u00e9gion selon lesquelles des d\u00e9put\u00e9s et un s\u00e9nateur sont derri\u00e8re lui, et qu&rsquo;ils veulent expulser la Zone R\u00e9volutionnaire Gedeon pour ensuite attaquer nos r\u00e9gions voisines. Ils ont le soutien de l&rsquo;INCRA, qui a enregistr\u00e9 la Zone R\u00e9volutionnaire Gedeon un jour apr\u00e8s son enregistrement et apr\u00e8s la premi\u00e8re attaque de Gesulino, ainsi que le soutien de sites web qui pr\u00e9tendent que nous sommes des criminels et que le propri\u00e9taire foncier aurait la possession l\u00e9gitime de ces terres.<\/p>\n\n\n\n<p>Nous, membres de la zone r\u00e9volutionnaire Gedeon Jos\u00e9 Duque, et ceux qui nous soutiennent, sommes victorieux, parce que nous sommes un petit groupe de 120 familles paysannes qui n&rsquo;ont pas \u00e9t\u00e9 vaincues par cette \u00e9norme troupe terroriste r\u00e9actionnaire-bolsoniste. Nous avons subi des pertes mat\u00e9rielles, mais nous avons plus de haine de classe, plus d&rsquo;exp\u00e9rience de la lutte, plus de clart\u00e9 sur l&rsquo;identit\u00e9 de nos vrais amis et ennemis. Nous sommes plus d\u00e9termin\u00e9s \u00e0 reprendre nos terres et \u00e0 vaincre la bande de Gesulino Castro.<\/p>\n\n\n\n<p>Gesulino a pass\u00e9 des jours \u00e0 discuter dans les bars locaux et sur les m\u00e9dias sociaux qu&rsquo;il expulserait nos terres, m\u00eame s&rsquo;il devait tuer des femmes et des enfants. En fait, c&rsquo;est un l\u00e2che, car il est facile d&rsquo;\u00eatre un bigot cach\u00e9 derri\u00e8re un h\u00e9licopt\u00e8re, des camions blind\u00e9s, un bouclier balistique, un fusil, avec beaucoup de ressources de la part des propri\u00e9taires terriens, soutenus par les bancs ruralistes et le pouvoir judiciaire.<\/p>\n\n\n\n<p>Gesulino a essay\u00e9 de nous humilier en nous traitant de mangeurs de citrouilles. Nous mangeons du potiron, et fi\u00e8rement ! Mais nous ne mangeons pas que de la citrouille, nous mangeons du manioc, des patates douces, du ma\u00efs, du gombo, des tomates, des piments, de la laitue, de la roquette, du chou, du taioba et d&rsquo;autres l\u00e9gumes sans poison ; de la farine d&rsquo;Acre, de la viande de b\u0153uf, de porc, de poulet et de poisson. En fait, tout ce que les Br\u00e9siliens mangent vient des mains des paysans, alors que les propri\u00e9taires terriens ne produisent que pour l&rsquo;exportation. Il y a des millions de pauvres qui donneraient n&rsquo;importe quoi pour manger de la citrouille, parce qu&rsquo;ils souffrent du ch\u00f4mage dans les villes.<\/p>\n\n\n\n<p>Gesulino a d\u00e9clar\u00e9 qu&rsquo;il \u00ab n&rsquo;a jamais perdu face aux sans-terre \u00bb. Il a assassin\u00e9 des leaders paysans comme Cristiano Rezende, parmi beaucoup d&rsquo;autres ; il a assassin\u00e9 des gens \u00e0 Soldado da Borracha sur ordre de Chaule Pozzebom ; il a avou\u00e9 \u00eatre responsable d&rsquo;un massacre \u00e0 Buritis, o\u00f9 six personnes ont trouv\u00e9 la mort. Gesulino a \u00e9t\u00e9 condamn\u00e9 \u00e0 plus de 35 ans de prison pour ce crime, mais il n&rsquo;est rest\u00e9 que peu de temps en prison et a d\u00e9j\u00e0 \u00e9t\u00e9 lib\u00e9r\u00e9. Il se fait passer pour un brave type, faisant des dons \u00e0 des \u0153uvres caritatives et emmenant les enfants de l&rsquo;APAE se promener dans sa ferme, mais au prix de l&rsquo;appropriation des terres de divers squatters, qu&rsquo;il gagne en guise de paiement pour les expulsions et les meurtres.<\/p>\n\n\n\n<p>L&rsquo;attaque haineuse contre la zone de Gedeon a eu lieu le 9 avril, jour des h\u00e9ros du peuple br\u00e9silien, en l&rsquo;honneur du grand leader paysan Renato Nathan Gon\u00e7alves Pereira. Les propri\u00e9taires terriens ont fait assassiner nos camarades pour que nous arr\u00eations de lutter pour la terre, mais notre hymne dit d\u00e9j\u00e0 :<\/p>\n\n\n\n<p>\u00ab Si nous mourons dans cette lutte, le sang sera une semence. Il n&rsquo;y a pas de d\u00e9faite d\u00e9finitive pour le peuple. La hache court le risque ! La zone r\u00e9volutionnaire Gedeon Duque est voisine des zones Gonzalo et Valdiro Chagas, o\u00f9 les paysans ont affront\u00e9 et vaincu les attaques des ratons laveurs, de la police, de la justice et de la presse, \u00e0 la demande des latifundia. Nous portons l&rsquo;exp\u00e9rience des batailles paysannes victorieuses de Manoel Ribeiro et Tiago Campin dos Santos. Nous profitons de cette occasion pour appeler tout le monde \u00e0 nous rejoindre dans la lutte sacr\u00e9e pour la terre. Nous appelons tous les paysans, les travailleurs en g\u00e9n\u00e9ral, les commer\u00e7ants, les \u00e9tudiants, les enseignants et toute autre personne d\u00e9mocratique \u00e0 se joindre \u00e0 une grande campagne de d\u00e9nonciation des crimes de Gesulino et des latifundia, et \u00e0 soutenir activement les paysans de la r\u00e9gion de Gedeon et tous les paysans dans la lutte pour la terre. Nous r\u00e9affirmons notre engagement : nous ne quitterons pas notre terre !<\/p>\n\n\n\n<p><strong>Conqu\u00e9rir la terre ! D\u00e9truisez les latifundia !<\/strong><\/p>\n\n\n\n<p><strong>Sortez de nos terres Gesulino et la police, les ratons laveurs des latifundia !<\/strong><\/p>\n\n\n\n<p><strong>Se battre pour la terre n&rsquo;est pas un crime !<\/strong><\/p>\n\n\n\n<p><strong>La terre pour ceux qui la travaillent !<\/strong><\/p>\n\n\n\n<p><strong>Camarade Renato Nathan ! Pr\u00e9sent dans la lutte !<\/strong><\/p>\n\n\n\n<p><strong>Vive la zone r\u00e9volutionnaire Gedeon Jos\u00e9 Duque !<\/strong><\/p>\n\n\n\n<p><strong>Vive la zone r\u00e9volutionnaire Valdiro Chagas !<\/strong><\/p>\n\n\n\n<p><strong>Vive la zone r\u00e9volutionnaire de Gonzalo !<\/strong><\/p>\n","protected":false},"excerpt":{"rendered":"<p>Nous partageons une traduction non-officielle d\u2019un article du journal Resistencia Camponesa: https:\/\/resistenciacamponesa.com\/luta-camponesa\/manifesto-dos-camponeses-da-area-revolucionaria-gedeon-jose-duque\/ La zone r\u00e9volutionnaire Gedeon Jos\u00e9 Duque a subi une l\u00e2che attaque command\u00e9e directement par le sanguinaire Gesulino Castro.&hellip; <\/p>\n","protected":false},"author":1,"featured_media":546,"comment_status":"closed","ping_status":"open","sticky":false,"template":"","format":"standard","meta":{"_themeisle_gutenberg_block_has_review":false,"footnotes":""},"categories":[7],"tags":[],"class_list":["post-545","post","type-post","status-publish","format-standard","has-post-thumbnail","hentry","category-actu"],"_links":{"self":[{"href":"https:\/\/comitenouveaubresil.org\/index.php\/wp-json\/wp\/v2\/posts\/545","targetHints":{"allow":["GET"]}}],"collection":[{"href":"https:\/\/comitenouveaubresil.org\/index.php\/wp-json\/wp\/v2\/posts"}],"about":[{"href":"https:\/\/comitenouveaubresil.org\/index.php\/wp-json\/wp\/v2\/types\/post"}],"author":[{"embeddable":true,"href":"https:\/\/comitenouveaubresil.org\/index.php\/wp-json\/wp\/v2\/users\/1"}],"replies":[{"embeddable":true,"href":"https:\/\/comitenouveaubresil.org\/index.php\/wp-json\/wp\/v2\/comments?post=545"}],"version-history":[{"count":1,"href":"https:\/\/comitenouveaubresil.org\/index.php\/wp-json\/wp\/v2\/posts\/545\/revisions"}],"predecessor-version":[{"id":547,"href":"https:\/\/comitenouveaubresil.org\/index.php\/wp-json\/wp\/v2\/posts\/545\/revisions\/547"}],"wp:featuredmedia":[{"embeddable":true,"href":"https:\/\/comitenouveaubresil.org\/index.php\/wp-json\/wp\/v2\/media\/546"}],"wp:attachment":[{"href":"https:\/\/comitenouveaubresil.org\/index.php\/wp-json\/wp\/v2\/media?parent=545"}],"wp:term":[{"taxonomy":"category","embeddable":true,"href":"https:\/\/comitenouveaubresil.org\/index.php\/wp-json\/wp\/v2\/categories?post=545"},{"taxonomy":"post_tag","embeddable":true,"href":"https:\/\/comitenouveaubresil.org\/index.php\/wp-json\/wp\/v2\/tags?post=545"}],"curies":[{"name":"wp","href":"https:\/\/api.w.org\/{rel}","templated":true}]}}