{"id":548,"date":"2025-05-07T16:28:35","date_gmt":"2025-05-07T16:28:35","guid":{"rendered":"https:\/\/comitenouveaubresil.org\/?p=548"},"modified":"2025-05-07T16:28:39","modified_gmt":"2025-05-07T16:28:39","slug":"les-democrates-sont-solidaires-des-paysans-de-la-region-de-gedeon-jose-duque","status":"publish","type":"post","link":"https:\/\/comitenouveaubresil.org\/index.php\/2025\/05\/07\/les-democrates-sont-solidaires-des-paysans-de-la-region-de-gedeon-jose-duque\/","title":{"rendered":"Les d\u00e9mocrates sont solidaires des paysans de la r\u00e9gion de Gedeon Jos\u00e9 Duque"},"content":{"rendered":"\n<p><em>Nous partageons une traduction non-officielle d\u2019un article du journal Resistencia Camponesa:<\/em> <a href=\"https:\/\/resistenciacamponesa.com\/luta-camponesa\/democratas-se-unem-em-solidariedade-aos-camponeses-da-area-gedeon-jose-duque\/\">https:\/\/resistenciacamponesa.com\/luta-camponesa\/democratas-se-unem-em-solidariedade-aos-camponeses-da-area-gedeon-jose-duque\/<\/a><\/p>\n\n\n\n<p>R\u00e9pondant \u00e0 l&rsquo;appel du Centre Br\u00e9silien de Solidarit\u00e9 avec les Peuples (CEBRASPO) et de l&rsquo;Association Br\u00e9silienne des Avocats du Peuple (ABRAPO), leurs repr\u00e9sentants, le Comit\u00e9 de Soutien du Journal A Nova Democracia, des professeurs de l&rsquo;Universit\u00e9 F\u00e9d\u00e9rale de Rond\u00f4nia et de l&rsquo;Institut F\u00e9d\u00e9ral de Rond\u00f4nia, des repr\u00e9sentants du Directoire Central des \u00c9tudiants de l&rsquo;UNIR (DCE\/UNIR), des Centres Acad\u00e9miques de Litt\u00e9rature Anglaise et de G\u00e9ographie, des Cadres Nationaux et Rondoniens des \u00c9tudiants en P\u00e9dagogie (ExNEPe et ExROEPe), des membres des groupes de recherche HISTEDBR\/UNIR et du Groupe de recherche en gestion territoriale et g\u00e9ographie agraire de l&rsquo;Amazonie (GTGA), le Mouvement des \u00e9tudiants r\u00e9volutionnaires populaires (MEPR) et le Mouvement populaire des femmes (MFP) ont particip\u00e9 \u00e0 une mission de solidarit\u00e9 dans la zone r\u00e9volutionnaire de Gedeon Jos\u00e9 Duque les 12 et 13 avril, dirig\u00e9e par la Ligue des paysans pauvres, en \u00e9coutant les rapports et en manifestant leur soutien \u00e0 la lutte entreprise par les paysans.<\/p>\n\n\n\n<p>L&rsquo;objectif de la mission \u00e9tait d&rsquo;\u00e9couter les paysans de la zone de Gedeon Jos\u00e9 Duque, qui a \u00e9t\u00e9 la cible d&rsquo;attaques d&rsquo;hommes arm\u00e9s ces derniers jours, de v\u00e9rifier l&rsquo;\u00e9tat physique et \u00e9motionnel des familles sur le terrain, de recueillir des d\u00e9clarations et des enregistrements des incidents et de visiter les zones paysannes de Valdiro Chagas, Gonzalo et les zones voisines. Sur la base des donn\u00e9es recueillies, la mission a \u00e9galement entrepris d&rsquo;\u00e9laborer un rapport d\u00e9taill\u00e9, fond\u00e9 sur la collecte d&rsquo;informations susceptibles d&rsquo;identifier les crimes commis par des tireurs (guaxebas), des propri\u00e9taires terriens, des agents des forces de r\u00e9pression et d&rsquo;autres organes de l&rsquo;\u00c9tat, ainsi que de mettre en \u00e9vidence d&rsquo;\u00e9ventuelles omissions de la part de l&rsquo;\u00c9tat. Une fois termin\u00e9, le rapport sera envoy\u00e9 \u00e0 toutes les organisations de d\u00e9fense des droits de l&rsquo;homme aux niveaux r\u00e9gional, national et international, ainsi qu&rsquo;aux associations professionnelles et aux mouvements sociaux.<\/p>\n\n\n\n<figure class=\"wp-block-image size-full\"><img loading=\"lazy\" decoding=\"async\" width=\"1024\" height=\"768\" src=\"https:\/\/comitenouveaubresil.org\/wp-content\/uploads\/2025\/05\/zzd.jpg\" alt=\"\" class=\"wp-image-550\" srcset=\"https:\/\/comitenouveaubresil.org\/wp-content\/uploads\/2025\/05\/zzd.jpg 1024w, https:\/\/comitenouveaubresil.org\/wp-content\/uploads\/2025\/05\/zzd-300x225.jpg 300w, https:\/\/comitenouveaubresil.org\/wp-content\/uploads\/2025\/05\/zzd-768x576.jpg 768w\" sizes=\"auto, (max-width: 1024px) 100vw, 1024px\" \/><\/figure>\n\n\n\n<p>\u00c0 leur arriv\u00e9e, les membres de la mission ont \u00e9t\u00e9 accueillis par les applaudissements des paysans r\u00e9unis au si\u00e8ge de la Zone R\u00e9volutionnaire de Valdiro Chagas. Ils ont ensuite rendu visite aux paysans des zones r\u00e9volutionnaires de Valdiro Chagas et Gonzalo 1 et 2 et du village des Amis de la campagne, les invitant \u00e0 participer \u00e0 l&rsquo;assembl\u00e9e populaire et \u00e0 la c\u00e9l\u00e9bration de la journ\u00e9e des h\u00e9ros du peuple br\u00e9silien qui aura lieu le lendemain. Aux c\u00f4t\u00e9s des paysans, ils ont soulign\u00e9 l&rsquo;importance de la participation et de l&rsquo;unit\u00e9 paysannes pour d\u00e9fendre la zone r\u00e9volutionnaire de Gedeon.<\/p>\n\n\n\n<p>Au cours des mobilisations, il a \u00e9t\u00e9 possible d&rsquo;entendre des t\u00e9moignages de familles touch\u00e9es par l&rsquo;action criminelle des tireurs du mouvement \u00ab Invasion z\u00e9ro \u00bb, dirig\u00e9 par le tireur en chef Gesulino Cesar Travagine Castro, avec le soutien de la police militaire. Un paysan a d\u00e9clar\u00e9 au correspondant local du journal A Nova Democracia que \u00ab la police a donn\u00e9 l&rsquo;impression qu&rsquo;elle venait de la part des colons, mais il s&rsquo;est av\u00e9r\u00e9 qu&rsquo;elle prot\u00e9geait les tireurs \u00bb. D&rsquo;autres familles ont d\u00e9clar\u00e9 que les hommes arm\u00e9s avaient br\u00fbl\u00e9 leurs cabanes, leurs produits et tu\u00e9 des porcs et des chiens, et qu&rsquo;ils avaient attaqu\u00e9 des paysans des r\u00e9gions voisines en les mena\u00e7ant de mort. Selon les rapports, les tireurs ont agi aux c\u00f4t\u00e9s de la police militaire \u00e0 bord d&rsquo;un Gol, de neuf camionnettes et d&rsquo;un chargeur sur roues.<\/p>\n\n\n\n<p>Toute la journ\u00e9e a \u00e9t\u00e9 marqu\u00e9e par une unit\u00e9 active qui s&rsquo;est exprim\u00e9e dans le travail collectif et la solidarit\u00e9. Les paysans, les \u00e9tudiants et les enseignants se sont organis\u00e9s autour du travail n\u00e9cessaire \u00e0 l&rsquo;organisation de l&rsquo;assembl\u00e9e populaire, en fabriquant des drapeaux et des banderoles de la LCP.<\/p>\n\n\n\n<p>Pendant la journ\u00e9e, un m\u00e9decin repr\u00e9sentant CEBRASPO a fourni des soins de sant\u00e9 de base aux familles.<\/p>\n\n\n\n<figure class=\"wp-block-image size-full\"><img loading=\"lazy\" decoding=\"async\" width=\"432\" height=\"768\" src=\"https:\/\/comitenouveaubresil.org\/wp-content\/uploads\/2025\/05\/3-1.jpg\" alt=\"\" class=\"wp-image-551\" srcset=\"https:\/\/comitenouveaubresil.org\/wp-content\/uploads\/2025\/05\/3-1.jpg 432w, https:\/\/comitenouveaubresil.org\/wp-content\/uploads\/2025\/05\/3-1-169x300.jpg 169w\" sizes=\"auto, (max-width: 432px) 100vw, 432px\" \/><\/figure>\n\n\n\n<figure class=\"wp-block-image size-full\"><img loading=\"lazy\" decoding=\"async\" width=\"1024\" height=\"576\" src=\"https:\/\/comitenouveaubresil.org\/wp-content\/uploads\/2025\/05\/3a-1-1024x576-1.jpg\" alt=\"\" class=\"wp-image-552\" srcset=\"https:\/\/comitenouveaubresil.org\/wp-content\/uploads\/2025\/05\/3a-1-1024x576-1.jpg 1024w, https:\/\/comitenouveaubresil.org\/wp-content\/uploads\/2025\/05\/3a-1-1024x576-1-300x169.jpg 300w, https:\/\/comitenouveaubresil.org\/wp-content\/uploads\/2025\/05\/3a-1-1024x576-1-768x432.jpg 768w\" sizes=\"auto, (max-width: 1024px) 100vw, 1024px\" \/><\/figure>\n\n\n\n<figure class=\"wp-block-image size-full\"><img loading=\"lazy\" decoding=\"async\" width=\"1024\" height=\"768\" src=\"https:\/\/comitenouveaubresil.org\/wp-content\/uploads\/2025\/05\/4.jpg\" alt=\"\" class=\"wp-image-553\" srcset=\"https:\/\/comitenouveaubresil.org\/wp-content\/uploads\/2025\/05\/4.jpg 1024w, https:\/\/comitenouveaubresil.org\/wp-content\/uploads\/2025\/05\/4-300x225.jpg 300w, https:\/\/comitenouveaubresil.org\/wp-content\/uploads\/2025\/05\/4-768x576.jpg 768w\" sizes=\"auto, (max-width: 1024px) 100vw, 1024px\" \/><\/figure>\n\n\n\n<p><strong>Solidarit\u00e9 et combativit\u00e9 ont marqu\u00e9 la deuxi\u00e8me journ\u00e9e de la mission<\/strong><\/p>\n\n\n\n<p>Collectivement, les \u00e9l\u00e8ves et les enseignants se sont joints aux paysans pour pr\u00e9parer un d\u00e9jeuner collectif pour les personnes pr\u00e9sentes. De la r\u00e9colte du manioc \u00e0 la transformation des aliments, tous ont particip\u00e9 ensemble, renfor\u00e7ant ainsi le travail collectif. En m\u00eame temps, ils ont particip\u00e9 \u00e0 la d\u00e9coration de l&rsquo;espace pour l&rsquo;Assembl\u00e9e du peuple.<\/p>\n\n\n\n<p>Lors de l&rsquo;assembl\u00e9e populaire du 13 avril, tout le monde s&rsquo;est r\u00e9uni pour c\u00e9l\u00e9brer la m\u00e9moire des h\u00e9ros du peuple br\u00e9silien. Les paysans, les \u00e9tudiants et les enseignants ont entonn\u00e9 des chants de lutte tels que l&rsquo;hymne de la Ligue des paysans pauvres, \u00ab Conqu\u00e9rir la terre \u00bb, les chansons \u00ab Bella Ciao \u00bb et \u00ab O Risco \u00bb. Ils ont salu\u00e9 avec effusion la Ligue des paysans pauvres et la r\u00e9volution agraire.<\/p>\n\n\n\n<p>Plus de 130 personnes ont particip\u00e9 \u00e0 cette activit\u00e9, au cours de laquelle les dirigeants paysans ont pu d\u00e9noncer les crimes des propri\u00e9taires terriens, tout en d\u00e9fendant le bien-fond\u00e9 de l&rsquo;autod\u00e9fense des masses, en appelant \u00e0 l&rsquo;unit\u00e9 des actions coordonn\u00e9es de toutes les familles des r\u00e9gions pour d\u00e9fendre leurs terres et leurs familles. \u00c0 la fin de l&rsquo;activit\u00e9, une grande partie des participants a pris part \u00e0 la lecture d&rsquo;un manifeste, tout en se dirigeant \u00e0 tue-t\u00eate vers l&rsquo;avant de la salle, en chantant des chants de lutte et des slogans de r\u00e9sistance tels que : \u00ab La terre est \u00e0 ceux qui la travaillent ! Et vive la r\u00e9volution agraire ! Mort aux propri\u00e9taires terriens et aux bourgeois ! Vive le pouvoir des travailleurs et des paysans !<\/p>\n\n\n\n<figure class=\"wp-block-image size-full\"><img loading=\"lazy\" decoding=\"async\" width=\"1024\" height=\"576\" src=\"https:\/\/comitenouveaubresil.org\/wp-content\/uploads\/2025\/05\/5-1024x576-1.jpg\" alt=\"\" class=\"wp-image-554\" srcset=\"https:\/\/comitenouveaubresil.org\/wp-content\/uploads\/2025\/05\/5-1024x576-1.jpg 1024w, https:\/\/comitenouveaubresil.org\/wp-content\/uploads\/2025\/05\/5-1024x576-1-300x169.jpg 300w, https:\/\/comitenouveaubresil.org\/wp-content\/uploads\/2025\/05\/5-1024x576-1-768x432.jpg 768w\" sizes=\"auto, (max-width: 1024px) 100vw, 1024px\" \/><\/figure>\n\n\n\n<p>Ils ont \u00e9galement rendu hommage \u00e0 diverses personnalit\u00e9s du mouvement paysan et populaire br\u00e9silien, comme les camarades Renato Nathan, Gedeon Jos\u00e9 Duque, Valdiro Chagas et notre bien-aim\u00e9 et \u00e9ternel directeur g\u00e9n\u00e9ral, le grand professeur Fausto Arruda, avec ces mots : Fausto Arruda, pr\u00e9sent dans la lutte !<\/p>\n\n\n\n<figure class=\"wp-block-image size-full\"><img loading=\"lazy\" decoding=\"async\" width=\"1024\" height=\"683\" src=\"https:\/\/comitenouveaubresil.org\/wp-content\/uploads\/2025\/05\/6-1024x683-1.jpg\" alt=\"\" class=\"wp-image-555\" srcset=\"https:\/\/comitenouveaubresil.org\/wp-content\/uploads\/2025\/05\/6-1024x683-1.jpg 1024w, https:\/\/comitenouveaubresil.org\/wp-content\/uploads\/2025\/05\/6-1024x683-1-300x200.jpg 300w, https:\/\/comitenouveaubresil.org\/wp-content\/uploads\/2025\/05\/6-1024x683-1-768x512.jpg 768w\" sizes=\"auto, (max-width: 1024px) 100vw, 1024px\" \/><\/figure>\n\n\n\n<p><strong>Les paysans n&rsquo;abandonnent pas la lutte<\/strong><\/p>\n\n\n\n<p>La mission de solidarit\u00e9 a renforc\u00e9 l&rsquo;esprit et la volont\u00e9 des paysans de lutter pour leurs terres. Malgr\u00e9 la r\u00e9pression des hommes arm\u00e9s \u00e0 la demande des latifundia et la coexistence des forces de police, les paysans ont renforc\u00e9 leur combativit\u00e9 en affirmant que, malgr\u00e9 l&rsquo;attaque du Mouvement \u00ab Z\u00e9ro Invasion \u00bb, ils ne cesseront pas de lutter jusqu&rsquo;\u00e0 ce qu&rsquo;ils conqui\u00e8rent les terres de la zone Gedeon Jos\u00e9 Duque.<\/p>\n\n\n\n<p>\u00ab Nous ne sommes pas un groupe de sans-terre, parce que nous avons notre terre qui est l\u00e0, nous avons juste besoin de la reprendre, et nous n&rsquo;aimons pas les agriculteurs \u00bb, a d\u00e9clar\u00e9 un paysan.<\/p>\n","protected":false},"excerpt":{"rendered":"<p>Nous partageons une traduction non-officielle d\u2019un article du journal Resistencia Camponesa: https:\/\/resistenciacamponesa.com\/luta-camponesa\/democratas-se-unem-em-solidariedade-aos-camponeses-da-area-gedeon-jose-duque\/ R\u00e9pondant \u00e0 l&rsquo;appel du Centre Br\u00e9silien de Solidarit\u00e9 avec les Peuples (CEBRASPO) et de l&rsquo;Association Br\u00e9silienne des Avocats&hellip; <\/p>\n","protected":false},"author":1,"featured_media":549,"comment_status":"closed","ping_status":"open","sticky":false,"template":"","format":"standard","meta":{"_themeisle_gutenberg_block_has_review":false,"footnotes":""},"categories":[7],"tags":[],"class_list":["post-548","post","type-post","status-publish","format-standard","has-post-thumbnail","hentry","category-actu"],"_links":{"self":[{"href":"https:\/\/comitenouveaubresil.org\/index.php\/wp-json\/wp\/v2\/posts\/548","targetHints":{"allow":["GET"]}}],"collection":[{"href":"https:\/\/comitenouveaubresil.org\/index.php\/wp-json\/wp\/v2\/posts"}],"about":[{"href":"https:\/\/comitenouveaubresil.org\/index.php\/wp-json\/wp\/v2\/types\/post"}],"author":[{"embeddable":true,"href":"https:\/\/comitenouveaubresil.org\/index.php\/wp-json\/wp\/v2\/users\/1"}],"replies":[{"embeddable":true,"href":"https:\/\/comitenouveaubresil.org\/index.php\/wp-json\/wp\/v2\/comments?post=548"}],"version-history":[{"count":1,"href":"https:\/\/comitenouveaubresil.org\/index.php\/wp-json\/wp\/v2\/posts\/548\/revisions"}],"predecessor-version":[{"id":556,"href":"https:\/\/comitenouveaubresil.org\/index.php\/wp-json\/wp\/v2\/posts\/548\/revisions\/556"}],"wp:featuredmedia":[{"embeddable":true,"href":"https:\/\/comitenouveaubresil.org\/index.php\/wp-json\/wp\/v2\/media\/549"}],"wp:attachment":[{"href":"https:\/\/comitenouveaubresil.org\/index.php\/wp-json\/wp\/v2\/media?parent=548"}],"wp:term":[{"taxonomy":"category","embeddable":true,"href":"https:\/\/comitenouveaubresil.org\/index.php\/wp-json\/wp\/v2\/categories?post=548"},{"taxonomy":"post_tag","embeddable":true,"href":"https:\/\/comitenouveaubresil.org\/index.php\/wp-json\/wp\/v2\/tags?post=548"}],"curies":[{"name":"wp","href":"https:\/\/api.w.org\/{rel}","templated":true}]}}